{"id":7,"date":"2026-08-30T04:36:24","date_gmt":"2026-08-30T04:36:24","guid":{"rendered":"https:\/\/orianthime.com\/editorial\/?p=7"},"modified":"2026-08-30T05:03:44","modified_gmt":"2026-08-30T05:03:44","slug":"guia-de-vestuario-estilismo-y-posado","status":"publish","type":"post","link":"https:\/\/orianthime.com\/editorial\/guia-de-vestuario-estilismo-y-posado\/","title":{"rendered":"Gu\u00eda Completa de Vestuario, Estilismo y Posado para tu Sesi\u00f3n de Fotos"},"content":{"rendered":"\n<p class=\"wp-block-paragraph\">Estar frente a una c\u00e1mara es una experiencia para disfrutar. No necesitas experiencia previa ni saber posar como modelo profesional. En <a href=\"https:\/\/orianthime.com\/editorial\/\" target=\"_blank\" rel=\"noopener\"><strong>Orianthi Creative<\/strong> <\/a>nos encargamos de guiarte paso a paso en cada movimiento para lograr retratos naturales, elegantes y con acabado editorial.<\/p>\n\n\n\n<p class=\"wp-block-paragraph\">A continuaci\u00f3n, encontrar\u00e1s la gu\u00eda definitiva de vestuario, log\u00edstica, armon\u00eda de color y consejos de postura, dividida seg\u00fan el tipo de sesi\u00f3n.<\/p>\n\n\n\n<h2 class=\"wp-block-heading\">1. Gu\u00eda para Quincea\u00f1eras: El Vestido de Gala (La Pieza Central)<\/h2>\n\n\n\n<p class=\"wp-block-paragraph\">El vestido de 15 a\u00f1os es el gran protagonista de la producci\u00f3n. Para garantizar que luzca impecable y que la sesi\u00f3n fluya sin contratiempos, ten en cuenta estos aspectos fundamentales:<\/p>\n\n\n\n<h3 class=\"wp-block-heading\">Armon\u00eda entre el Tono de Piel, el Vestido y el Fondo<\/h3>\n\n\n\n<p class=\"wp-block-paragraph\">En fotograf\u00eda, el impacto visual depende del <strong>contraste y la separaci\u00f3n de planos<\/strong> (modelo, vestuario y fondo):<\/p>\n\n\n\n<ul class=\"wp-block-list\">\n<li><strong>Color de la piel vs. Color del vestido:<\/strong> Es crucial seleccionar un tono de vestido que resalte el rostro. Pieles de tonos profundos u oscuros necesitan vestidos con tonos vivos, pasteles luminosos, marfil o joyas (rub\u00ed, esmeralda, azul rey) que generen contraste directo. Si se combina una piel oscura con un vestido muy oscuro (negro, azul noche, caf\u00e9 oscuro), el rostro y la prenda tienden a mimetizarse, perdiendo dimensi\u00f3n en la imagen. Por el contrario, en pieles muy claras, los tonos excesivamente p\u00e1lidos o beige pueden generar un efecto deslavado si no se compensa con el maquillaje o el entorno.<\/li>\n\n\n\n<li><strong>Contraste con el entorno:<\/strong> Si la sesi\u00f3n es en un entorno verde o campestre (como el Jard\u00edn Bot\u00e1nico), un vestido verde esmeralda o musgo se perder\u00e1 visualmente con el follaje. En esos escenarios, vestidos rojos, dorados, rosados, blancos o tonos c\u00e1lidos logran una separaci\u00f3n perfecta.<\/li>\n<\/ul>\n\n\n\n<h3 class=\"wp-block-heading\">Log\u00edstica el D\u00eda de la Sesi\u00f3n<\/h3>\n\n\n\n<ul class=\"wp-block-list\">\n<li><strong>Cambio de vestuario en locaci\u00f3n:<\/strong> No es necesario llegar vestida con el traje de gala desde casa. En lugares como el Jard\u00edn Bot\u00e1nico o parques naturales, la log\u00edstica es m\u00e1s sencilla si la quincea\u00f1era llega con ropa c\u00f3moda y realiza el cambio de vestido directamente en los vestieres o ba\u00f1os del lugar antes de iniciar el bloque principal.<\/li>\n\n\n\n<li><strong>Calzado de traslado (Tenis):<\/strong> Durante la sesi\u00f3n se recorren amplias zonas para buscar la mejor luz. El consejo de oro es llevar <strong>tenis o calzado plano y c\u00f3modo<\/strong> para todos los desplazamientos entre punto y punto, reservando los zapatones o tacones \u00fanicamente para el momento del disparo fotogr\u00e1fico.<\/li>\n<\/ul>\n\n\n\n<h3 class=\"wp-block-heading\">Cuidado del Vestido y Apoyo Familiar<\/h3>\n\n\n\n<ul class=\"wp-block-list\">\n<li><strong>Protecci\u00f3n de la cola del vestido:<\/strong> La mayor\u00eda de vestidos de gala son alquilados y cuentan con telas delicadas o colas largas. Para evitar manchas de c\u00e9sped, barro o rasgaduras por arrastre en senderos \u2014lo cual genera cobros adicionales por parte de las casas de alquiler\u2014, es indispensable que <strong>un familiar o acompa\u00f1ante se encargue de sostener y levantar la cola del vestido<\/strong> durante cada caminata.<\/li>\n<\/ul>\n\n\n\n<p class=\"wp-block-paragraph\"><strong>\u00bfTienes dudas sobre las locaciones o el vestuario para tus 15 a\u00f1os?<\/strong><\/p>\n\n\n\n<p class=\"wp-block-paragraph\">Te guiamos paso a paso y armamos una propuesta a la medida de tu producci\u00f3n.<\/p>\n\n\n\n<p class=\"wp-block-paragraph\">\ud83d\udcf2 <strong>[<a href=\"https:\/\/www.orianthi.com.co\/whatsapp\" target=\"_blank\" rel=\"noreferrer noopener\">Hablar directamente con nosotros por WhatsApp<\/a>]<\/strong><\/p>\n\n\n\n<h2 class=\"wp-block-heading\">2. Estilismo Urbano y Ropa Casual (Quincea\u00f1eras y Retratos)<\/h2>\n\n\n\n<p class=\"wp-block-paragraph\">Aunque el vestido de gala se lleva el mayor porcentaje de fotograf\u00edas de la sesi\u00f3n (aproximadamente un 70%), incluir un cambio de ropa casual al inicio permite romper el hielo, lograr fotos m\u00e1s frescas y tener una variedad completa en el \u00e1lbum final.<\/p>\n\n\n\n<h3 class=\"wp-block-heading\">Combinaci\u00f3n de Looks en la Misma Sesi\u00f3n<\/h3>\n\n\n\n<p class=\"wp-block-paragraph\">Recomendamos comenzar con el vestuario casual (1 a 2 cambios r\u00e1pidos) para calentar frente a la c\u00e1mara, ganar confianza y realizar las fotos de estilo urbano o de moda. Posterior a esto, se realiza el cambio al vestido de gala para la fase principal de la producci\u00f3n.<\/p>\n\n\n\n<h3 class=\"wp-block-heading\">Colores y Texturas en Locaciones Urbanas Reales<\/h3>\n\n\n\n<p class=\"wp-block-paragraph\">Para sesiones urbanas o con arquitectura contempor\u00e1nea, los tonos negros, blanco puro, gris, azul marino, colores saturados y prendas con textura (chaquetas de cuero, denim o blazers) destacan con fuerza.<\/p>\n\n\n\n<p class=\"wp-block-paragraph\">Locaciones urbanas ic\u00f3nicas donde este estilo destaca:<\/p>\n\n\n\n<ul class=\"wp-block-list\">\n<li><strong>Medell\u00edn:<\/strong> <strong>Parques del R\u00edo<\/strong> y <strong>Ciudad del R\u00edo<\/strong>, por sus estructuras met\u00e1licas, bulevares modernos y contraste de concreto con vegetaci\u00f3n urbana.<\/li>\n\n\n\n<li><strong>Manizales:<\/strong> <strong>Sector El Cable<\/strong> (alrededores de la torre y bulevar) y <strong>Chipre<\/strong>, ideales para fotograf\u00edas con est\u00e9tica citadina, estructuras met\u00e1licas y arquitectura abierta.<\/li>\n\n\n\n<li><strong>Armenia y Quind\u00edo:<\/strong> <strong>Parque de la Vida<\/strong> (zona urbana) o las calles coloridas de <strong>Salento<\/strong>, combinando una est\u00e9tica patrimonial con vestuario casual moderno.<\/li>\n<\/ul>\n\n\n\n<h2 class=\"wp-block-heading\">3. Sesiones de Pareja: Din\u00e1mica y Lenguaje Corporal<\/h2>\n\n\n\n<p class=\"wp-block-paragraph\">En las sesiones de pareja, la din\u00e1mica cambia por completo: la interacci\u00f3n entre dos personas requiere una direcci\u00f3n fotogr\u00e1fica constante para evitar posturas r\u00edgidas o momentos de duda.<\/p>\n\n\n\n<ul class=\"wp-block-list\">\n<li><strong>Direcci\u00f3n Activa para No-Modelos:<\/strong> La gran mayor\u00eda de parejas no tiene experiencia frente a la c\u00e1mara. Nos encargamos de guiarlos con indicaciones paso a paso, proponiendo acciones reales (caminar tomados de la mano, susurrar algo al o\u00eddo, abrazarse por la espalda) en lugar de poses est\u00e1ticas.<\/li>\n\n\n\n<li><strong>Acomodaci\u00f3n Continua:<\/strong> Ajustamos detalles sutiles en tiempo real para mantener la naturalidad sin descuidar la est\u00e9tica del encuadre.<\/li>\n\n\n\n<li><strong>Participaci\u00f3n en Fotos de Acompa\u00f1antes (15 A\u00f1os):<\/strong> En el caso de fotos de la quincea\u00f1era con sus padres o novio, limitamos la participaci\u00f3n a un bloque enfocado de <strong>2 a 3 tomas clave<\/strong> muy bien dirigidas, manteniendo el flujo y optimizando el tiempo de la producci\u00f3n principal.<\/li>\n<\/ul>\n\n\n\n<h2 class=\"wp-block-heading\">4. El Poder de la Postura (Consejos Clave de Lenguaje Corporal)<\/h2>\n\n\n\n<p class=\"wp-block-paragraph\">Tanto en quincea\u00f1eras como en parejas o retratos individuales, una mala postura puede arruinar un encuadre perfecto. Cuidar la alineaci\u00f3n del cuerpo marca la diferencia entre una foto forzada y un retrato elegante:<\/p>\n\n\n\n<ul class=\"wp-block-list\">\n<li><strong>Hombros y Espalda:<\/strong> El error m\u00e1s com\u00fan es encorvar la espalda o subir los hombros por tensi\u00f3n. La clave es rotar los hombros hacia atr\u00e1s, dejarlos caer suavemente y alargar el cuello. Esto estiliza la figura de inmediato.<\/li>\n\n\n\n<li><strong>Posici\u00f3n de Manos y Dedos:<\/strong> Las manos tensionadas o con los dedos r\u00edgidos captan la atenci\u00f3n de forma negativa. Los dedos deben permanecer relajados, ligeramente curvos y tocando suavemente prendas, accesorios o a la pareja, nunca haciendo presi\u00f3n excesiva.<\/li>\n\n\n\n<li><strong>Colocaci\u00f3n de Pies y \u00c1ngulos:<\/strong> Estar de frente a la c\u00e1mara con los pies alineados aplana la figura. Colocar un pie ligeramente adelante del otro, flexionar suavemente una rodilla y girar la cadera en un \u00e1ngulo de 45\u00b0 respecto a la c\u00e1mara crea curvas naturales y una silueta estilizada.<\/li>\n<\/ul>\n\n\n\n<hr class=\"wp-block-separator has-alpha-channel-opacity\"\/>\n\n\n\n<p class=\"wp-block-paragraph\"><strong>\u00bfLista para planear tu sesi\u00f3n de fotos?<\/strong><\/p>\n\n\n\n<p class=\"wp-block-paragraph\">En <strong>Orianthi Creative<\/strong> nos encargamos de la direcci\u00f3n completa: desde las locaciones y el vestuario, hasta la entrega de tu \u00e1lbum impreso.<\/p>\n\n\n\n<p class=\"wp-block-paragraph\">\ud83d\udcf2 <strong>[<a href=\"https:\/\/www.orianthi.com.co\/whatsapp\" target=\"_blank\" rel=\"noreferrer noopener\">Consultar fechas y paquetes por WhatsApp<\/a>]<\/strong><\/p>\n\n\n\n<hr class=\"wp-block-separator has-alpha-channel-opacity\"\/>\n","protected":false},"excerpt":{"rendered":"<p>Estar frente a una c\u00e1mara es una experiencia para disfrutar. No necesitas experiencia previa ni saber posar como modelo profesional. En Orianthi Creative nos encargamos de guiarte paso a paso en cada movimiento para lograr retratos naturales, elegantes y con acabado editorial. A continuaci\u00f3n, encontrar\u00e1s la gu\u00eda definitiva de vestuario, log\u00edstica, armon\u00eda de color y [&hellip;]<\/p>\n","protected":false},"author":1,"featured_media":12,"comment_status":"closed","ping_status":"open","sticky":false,"template":"","format":"standard","meta":{"footnotes":""},"categories":[1],"tags":[],"class_list":["post-7","post","type-post","status-publish","format-standard","has-post-thumbnail","hentry","category-ideas-posado","has-thumbnail"],"yoast_head":"<!-- This site is optimized with the Yoast SEO plugin v28.3 - https:\/\/yoast.com\/product\/yoast-seo-wordpress\/ -->\n<title>Gu\u00eda de Posado y Vestuario para Fotos | Orianthi<\/title>\n<meta name=\"description\" content=\"Tips de vestuario y posado para 15 a\u00f1os y parejas en Colombia. Aprende sobre contraste de color, cuidado del vestido y locaciones en Medell\u00edn y Manizales.\" \/>\n<meta name=\"robots\" content=\"index, follow, max-snippet:-1, max-image-preview:large, max-video-preview:-1\" \/>\n<link rel=\"canonical\" href=\"https:\/\/orianthime.com\/editorial\/guia-de-vestuario-estilismo-y-posado\/\" \/>\n<meta property=\"og:locale\" content=\"es_ES\" \/>\n<meta property=\"og:type\" content=\"article\" \/>\n<meta property=\"og:title\" content=\"Gu\u00eda de Posado y Vestuario para Fotos | Orianthi\" \/>\n<meta property=\"og:description\" content=\"Tips de vestuario y posado para 15 a\u00f1os y parejas en Colombia. Aprende sobre contraste de color, cuidado del vestido y locaciones en Medell\u00edn y Manizales.\" \/>\n<meta property=\"og:url\" content=\"https:\/\/orianthime.com\/editorial\/guia-de-vestuario-estilismo-y-posado\/\" \/>\n<meta property=\"og:site_name\" content=\"Orianthi Creative | Ideas y tips para sesiones de fotos, ideas de vestuario y maquillaje recomendado\" \/>\n<meta property=\"article:published_time\" content=\"2026-08-30T04:36:24+00:00\" \/>\n<meta property=\"article:modified_time\" content=\"2026-08-30T05:03:44+00:00\" \/>\n<meta property=\"og:image\" content=\"https:\/\/orianthime.com\/editorial\/wp-content\/uploads\/2026\/08\/IMG_6471-scaled.jpg\" \/>\n\t<meta property=\"og:image:width\" content=\"1707\" \/>\n\t<meta property=\"og:image:height\" content=\"2560\" \/>\n\t<meta property=\"og:image:type\" content=\"image\/jpeg\" \/>\n<meta name=\"author\" content=\"Orianthi\" \/>\n<meta name=\"twitter:card\" content=\"summary_large_image\" \/>\n<meta name=\"twitter:label1\" content=\"Escrito por\" \/>\n\t<meta name=\"twitter:data1\" content=\"Orianthi\" \/>\n\t<meta name=\"twitter:label2\" content=\"Tiempo de lectura\" \/>\n\t<meta name=\"twitter:data2\" content=\"6 minutos\" \/>\n<script type=\"application\/ld+json\" class=\"yoast-schema-graph\">{\"@context\":\"https:\\\/\\\/schema.org\",\"@graph\":[{\"@type\":\"Article\",\"@id\":\"https:\\\/\\\/orianthime.com\\\/editorial\\\/guia-de-vestuario-estilismo-y-posado\\\/#article\",\"isPartOf\":{\"@id\":\"https:\\\/\\\/orianthime.com\\\/editorial\\\/guia-de-vestuario-estilismo-y-posado\\\/\"},\"author\":{\"name\":\"Orianthi\",\"@id\":\"https:\\\/\\\/orianthime.com\\\/editorial\\\/#\\\/schema\\\/person\\\/c5758b993eedfafe36ff95cb055aa0e8\"},\"headline\":\"Gu\u00eda Completa de Vestuario, Estilismo y Posado para tu Sesi\u00f3n de Fotos\",\"datePublished\":\"2026-08-30T04:36:24+00:00\",\"dateModified\":\"2026-08-30T05:03:44+00:00\",\"mainEntityOfPage\":{\"@id\":\"https:\\\/\\\/orianthime.com\\\/editorial\\\/guia-de-vestuario-estilismo-y-posado\\\/\"},\"wordCount\":1163,\"image\":{\"@id\":\"https:\\\/\\\/orianthime.com\\\/editorial\\\/guia-de-vestuario-estilismo-y-posado\\\/#primaryimage\"},\"thumbnailUrl\":\"https:\\\/\\\/orianthime.com\\\/editorial\\\/wp-content\\\/uploads\\\/2026\\\/08\\\/IMG_6471-scaled.jpg\",\"articleSection\":[\"Ideas &amp; Posado\"],\"inLanguage\":\"es\"},{\"@type\":\"WebPage\",\"@id\":\"https:\\\/\\\/orianthime.com\\\/editorial\\\/guia-de-vestuario-estilismo-y-posado\\\/\",\"url\":\"https:\\\/\\\/orianthime.com\\\/editorial\\\/guia-de-vestuario-estilismo-y-posado\\\/\",\"name\":\"Gu\u00eda de Posado y Vestuario para Fotos | Orianthi\",\"isPartOf\":{\"@id\":\"https:\\\/\\\/orianthime.com\\\/editorial\\\/#website\"},\"primaryImageOfPage\":{\"@id\":\"https:\\\/\\\/orianthime.com\\\/editorial\\\/guia-de-vestuario-estilismo-y-posado\\\/#primaryimage\"},\"image\":{\"@id\":\"https:\\\/\\\/orianthime.com\\\/editorial\\\/guia-de-vestuario-estilismo-y-posado\\\/#primaryimage\"},\"thumbnailUrl\":\"https:\\\/\\\/orianthime.com\\\/editorial\\\/wp-content\\\/uploads\\\/2026\\\/08\\\/IMG_6471-scaled.jpg\",\"datePublished\":\"2026-08-30T04:36:24+00:00\",\"dateModified\":\"2026-08-30T05:03:44+00:00\",\"author\":{\"@id\":\"https:\\\/\\\/orianthime.com\\\/editorial\\\/#\\\/schema\\\/person\\\/c5758b993eedfafe36ff95cb055aa0e8\"},\"description\":\"Tips de vestuario y posado para 15 a\u00f1os y parejas en Colombia. Aprende sobre contraste de color, cuidado del vestido y locaciones en Medell\u00edn y Manizales.\",\"breadcrumb\":{\"@id\":\"https:\\\/\\\/orianthime.com\\\/editorial\\\/guia-de-vestuario-estilismo-y-posado\\\/#breadcrumb\"},\"inLanguage\":\"es\",\"potentialAction\":[{\"@type\":\"ReadAction\",\"target\":[\"https:\\\/\\\/orianthime.com\\\/editorial\\\/guia-de-vestuario-estilismo-y-posado\\\/\"]}]},{\"@type\":\"ImageObject\",\"inLanguage\":\"es\",\"@id\":\"https:\\\/\\\/orianthime.com\\\/editorial\\\/guia-de-vestuario-estilismo-y-posado\\\/#primaryimage\",\"url\":\"https:\\\/\\\/orianthime.com\\\/editorial\\\/wp-content\\\/uploads\\\/2026\\\/08\\\/IMG_6471-scaled.jpg\",\"contentUrl\":\"https:\\\/\\\/orianthime.com\\\/editorial\\\/wp-content\\\/uploads\\\/2026\\\/08\\\/IMG_6471-scaled.jpg\",\"width\":1707,\"height\":2560},{\"@type\":\"BreadcrumbList\",\"@id\":\"https:\\\/\\\/orianthime.com\\\/editorial\\\/guia-de-vestuario-estilismo-y-posado\\\/#breadcrumb\",\"itemListElement\":[{\"@type\":\"ListItem\",\"position\":1,\"name\":\"Portada\",\"item\":\"https:\\\/\\\/orianthime.com\\\/editorial\\\/\"},{\"@type\":\"ListItem\",\"position\":2,\"name\":\"Gu\u00eda Completa de Vestuario, Estilismo y Posado para tu Sesi\u00f3n de Fotos\"}]},{\"@type\":\"WebSite\",\"@id\":\"https:\\\/\\\/orianthime.com\\\/editorial\\\/#website\",\"url\":\"https:\\\/\\\/orianthime.com\\\/editorial\\\/\",\"name\":\"Orianthi Creative | Ideas y tips para sesiones de fotos, ideas de vestuario y maquillaje recomendado\",\"description\":\"Gu\u00edas de vestuario, tips de posado, salones de recepci\u00f3n y proveedores en Colombia\",\"potentialAction\":[{\"@type\":\"SearchAction\",\"target\":{\"@type\":\"EntryPoint\",\"urlTemplate\":\"https:\\\/\\\/orianthime.com\\\/editorial\\\/?s={search_term_string}\"},\"query-input\":{\"@type\":\"PropertyValueSpecification\",\"valueRequired\":true,\"valueName\":\"search_term_string\"}}],\"inLanguage\":\"es\"},{\"@type\":\"Person\",\"@id\":\"https:\\\/\\\/orianthime.com\\\/editorial\\\/#\\\/schema\\\/person\\\/c5758b993eedfafe36ff95cb055aa0e8\",\"name\":\"Orianthi\",\"image\":{\"@type\":\"ImageObject\",\"inLanguage\":\"es\",\"@id\":\"https:\\\/\\\/secure.gravatar.com\\\/avatar\\\/1cab7a572a4e0d317f78cc4fffbc615c1e592b30efc0723a05139f8c8e113912?s=96&d=mm&r=g\",\"url\":\"https:\\\/\\\/secure.gravatar.com\\\/avatar\\\/1cab7a572a4e0d317f78cc4fffbc615c1e592b30efc0723a05139f8c8e113912?s=96&d=mm&r=g\",\"contentUrl\":\"https:\\\/\\\/secure.gravatar.com\\\/avatar\\\/1cab7a572a4e0d317f78cc4fffbc615c1e592b30efc0723a05139f8c8e113912?s=96&d=mm&r=g\",\"caption\":\"Orianthi\"},\"sameAs\":[\"https:\\\/\\\/orianthime.com\\\/editorial\"],\"url\":\"https:\\\/\\\/orianthime.com\\\/editorial\\\/author\\\/orianthi\\\/\"}]}<\/script>\n<!-- \/ Yoast SEO plugin. -->","yoast_head_json":{"title":"Gu\u00eda de Posado y Vestuario para Fotos | Orianthi","description":"Tips de vestuario y posado para 15 a\u00f1os y parejas en Colombia. Aprende sobre contraste de color, cuidado del vestido y locaciones en Medell\u00edn y Manizales.","robots":{"index":"index","follow":"follow","max-snippet":"max-snippet:-1","max-image-preview":"max-image-preview:large","max-video-preview":"max-video-preview:-1"},"canonical":"https:\/\/orianthime.com\/editorial\/guia-de-vestuario-estilismo-y-posado\/","og_locale":"es_ES","og_type":"article","og_title":"Gu\u00eda de Posado y Vestuario para Fotos | Orianthi","og_description":"Tips de vestuario y posado para 15 a\u00f1os y parejas en Colombia. Aprende sobre contraste de color, cuidado del vestido y locaciones en Medell\u00edn y Manizales.","og_url":"https:\/\/orianthime.com\/editorial\/guia-de-vestuario-estilismo-y-posado\/","og_site_name":"Orianthi Creative | Ideas y tips para sesiones de fotos, ideas de vestuario y maquillaje recomendado","article_published_time":"2026-08-30T04:36:24+00:00","article_modified_time":"2026-08-30T05:03:44+00:00","og_image":[{"width":1707,"height":2560,"url":"https:\/\/orianthime.com\/editorial\/wp-content\/uploads\/2026\/08\/IMG_6471-scaled.jpg","type":"image\/jpeg"}],"author":"Orianthi","twitter_card":"summary_large_image","twitter_misc":{"Escrito por":"Orianthi","Tiempo de lectura":"6 minutos"},"schema":{"@context":"https:\/\/schema.org","@graph":[{"@type":"Article","@id":"https:\/\/orianthime.com\/editorial\/guia-de-vestuario-estilismo-y-posado\/#article","isPartOf":{"@id":"https:\/\/orianthime.com\/editorial\/guia-de-vestuario-estilismo-y-posado\/"},"author":{"name":"Orianthi","@id":"https:\/\/orianthime.com\/editorial\/#\/schema\/person\/c5758b993eedfafe36ff95cb055aa0e8"},"headline":"Gu\u00eda Completa de Vestuario, Estilismo y Posado para tu Sesi\u00f3n de Fotos","datePublished":"2026-08-30T04:36:24+00:00","dateModified":"2026-08-30T05:03:44+00:00","mainEntityOfPage":{"@id":"https:\/\/orianthime.com\/editorial\/guia-de-vestuario-estilismo-y-posado\/"},"wordCount":1163,"image":{"@id":"https:\/\/orianthime.com\/editorial\/guia-de-vestuario-estilismo-y-posado\/#primaryimage"},"thumbnailUrl":"https:\/\/orianthime.com\/editorial\/wp-content\/uploads\/2026\/08\/IMG_6471-scaled.jpg","articleSection":["Ideas &amp; Posado"],"inLanguage":"es"},{"@type":"WebPage","@id":"https:\/\/orianthime.com\/editorial\/guia-de-vestuario-estilismo-y-posado\/","url":"https:\/\/orianthime.com\/editorial\/guia-de-vestuario-estilismo-y-posado\/","name":"Gu\u00eda de Posado y Vestuario para Fotos | Orianthi","isPartOf":{"@id":"https:\/\/orianthime.com\/editorial\/#website"},"primaryImageOfPage":{"@id":"https:\/\/orianthime.com\/editorial\/guia-de-vestuario-estilismo-y-posado\/#primaryimage"},"image":{"@id":"https:\/\/orianthime.com\/editorial\/guia-de-vestuario-estilismo-y-posado\/#primaryimage"},"thumbnailUrl":"https:\/\/orianthime.com\/editorial\/wp-content\/uploads\/2026\/08\/IMG_6471-scaled.jpg","datePublished":"2026-08-30T04:36:24+00:00","dateModified":"2026-08-30T05:03:44+00:00","author":{"@id":"https:\/\/orianthime.com\/editorial\/#\/schema\/person\/c5758b993eedfafe36ff95cb055aa0e8"},"description":"Tips de vestuario y posado para 15 a\u00f1os y parejas en Colombia. Aprende sobre contraste de color, cuidado del vestido y locaciones en Medell\u00edn y Manizales.","breadcrumb":{"@id":"https:\/\/orianthime.com\/editorial\/guia-de-vestuario-estilismo-y-posado\/#breadcrumb"},"inLanguage":"es","potentialAction":[{"@type":"ReadAction","target":["https:\/\/orianthime.com\/editorial\/guia-de-vestuario-estilismo-y-posado\/"]}]},{"@type":"ImageObject","inLanguage":"es","@id":"https:\/\/orianthime.com\/editorial\/guia-de-vestuario-estilismo-y-posado\/#primaryimage","url":"https:\/\/orianthime.com\/editorial\/wp-content\/uploads\/2026\/08\/IMG_6471-scaled.jpg","contentUrl":"https:\/\/orianthime.com\/editorial\/wp-content\/uploads\/2026\/08\/IMG_6471-scaled.jpg","width":1707,"height":2560},{"@type":"BreadcrumbList","@id":"https:\/\/orianthime.com\/editorial\/guia-de-vestuario-estilismo-y-posado\/#breadcrumb","itemListElement":[{"@type":"ListItem","position":1,"name":"Portada","item":"https:\/\/orianthime.com\/editorial\/"},{"@type":"ListItem","position":2,"name":"Gu\u00eda Completa de Vestuario, Estilismo y Posado para tu Sesi\u00f3n de Fotos"}]},{"@type":"WebSite","@id":"https:\/\/orianthime.com\/editorial\/#website","url":"https:\/\/orianthime.com\/editorial\/","name":"Orianthi Creative | Ideas y tips para sesiones de fotos, ideas de vestuario y maquillaje recomendado","description":"Gu\u00edas de vestuario, tips de posado, salones de recepci\u00f3n y proveedores en Colombia","potentialAction":[{"@type":"SearchAction","target":{"@type":"EntryPoint","urlTemplate":"https:\/\/orianthime.com\/editorial\/?s={search_term_string}"},"query-input":{"@type":"PropertyValueSpecification","valueRequired":true,"valueName":"search_term_string"}}],"inLanguage":"es"},{"@type":"Person","@id":"https:\/\/orianthime.com\/editorial\/#\/schema\/person\/c5758b993eedfafe36ff95cb055aa0e8","name":"Orianthi","image":{"@type":"ImageObject","inLanguage":"es","@id":"https:\/\/secure.gravatar.com\/avatar\/1cab7a572a4e0d317f78cc4fffbc615c1e592b30efc0723a05139f8c8e113912?s=96&d=mm&r=g","url":"https:\/\/secure.gravatar.com\/avatar\/1cab7a572a4e0d317f78cc4fffbc615c1e592b30efc0723a05139f8c8e113912?s=96&d=mm&r=g","contentUrl":"https:\/\/secure.gravatar.com\/avatar\/1cab7a572a4e0d317f78cc4fffbc615c1e592b30efc0723a05139f8c8e113912?s=96&d=mm&r=g","caption":"Orianthi"},"sameAs":["https:\/\/orianthime.com\/editorial"],"url":"https:\/\/orianthime.com\/editorial\/author\/orianthi\/"}]}},"_links":{"self":[{"href":"https:\/\/orianthime.com\/editorial\/wp-json\/wp\/v2\/posts\/7","targetHints":{"allow":["GET"]}}],"collection":[{"href":"https:\/\/orianthime.com\/editorial\/wp-json\/wp\/v2\/posts"}],"about":[{"href":"https:\/\/orianthime.com\/editorial\/wp-json\/wp\/v2\/types\/post"}],"author":[{"embeddable":true,"href":"https:\/\/orianthime.com\/editorial\/wp-json\/wp\/v2\/users\/1"}],"replies":[{"embeddable":true,"href":"https:\/\/orianthime.com\/editorial\/wp-json\/wp\/v2\/comments?post=7"}],"version-history":[{"count":2,"href":"https:\/\/orianthime.com\/editorial\/wp-json\/wp\/v2\/posts\/7\/revisions"}],"predecessor-version":[{"id":15,"href":"https:\/\/orianthime.com\/editorial\/wp-json\/wp\/v2\/posts\/7\/revisions\/15"}],"wp:featuredmedia":[{"embeddable":true,"href":"https:\/\/orianthime.com\/editorial\/wp-json\/wp\/v2\/media\/12"}],"wp:attachment":[{"href":"https:\/\/orianthime.com\/editorial\/wp-json\/wp\/v2\/media?parent=7"}],"wp:term":[{"taxonomy":"category","embeddable":true,"href":"https:\/\/orianthime.com\/editorial\/wp-json\/wp\/v2\/categories?post=7"},{"taxonomy":"post_tag","embeddable":true,"href":"https:\/\/orianthime.com\/editorial\/wp-json\/wp\/v2\/tags?post=7"}],"curies":[{"name":"wp","href":"https:\/\/api.w.org\/{rel}","templated":true}]}}