{"id":9,"date":"2026-07-07T06:11:10","date_gmt":"2026-07-07T06:11:10","guid":{"rendered":"https:\/\/orianthime.com\/co\/?p=9"},"modified":"2026-07-09T04:34:33","modified_gmt":"2026-07-09T04:34:33","slug":"fotografos-medellin","status":"publish","type":"post","link":"https:\/\/orianthime.com\/co\/fotografos-medellin\/","title":{"rendered":"Fot\u00f3grafos en Medell\u00edn y el Valle de Aburr\u00e1: Fotograf\u00eda para Bodas y Eventos"},"content":{"rendered":"\n<p class=\"wp-block-paragraph\">El mayor error al contratar fot\u00f3grafos en Medell\u00edn es confiar el registro de un momento irrepetible a equipos improvisados o profesionales que no entienden las din\u00e1micas de luz, clima y log\u00edstica de Antioquia. Un evento corporativo retrasado, una boda con iluminaci\u00f3n deficiente o un foto estudio que se ve artificial son problemas reales que arruinan la inversi\u00f3n y el recuerdo.<\/p>\n\n\n\n<p class=\"wp-block-paragraph\">En <strong><a href=\"https:\/\/orianthime.com\/co\/\" target=\"_blank\" rel=\"noreferrer noopener\">Orianthi<\/a><\/strong> somos la soluci\u00f3n definitiva a esos dolores de cabeza. Nos especializamos en producci\u00f3n visual de alto impacto, garantizando un est\u00e1ndar de calidad internacional, puntualidad rigurosa y un manejo t\u00e9cnico impecable de la luz vibrante de la regi\u00f3n. No solo hacemos fotos; blindamos la narrativa de tu evento para que el resultado sea una pieza art\u00edstica impecable.<\/p>\n\n\n\n<h2 class=\"wp-block-heading\">Contrataci\u00f3n de Fot\u00f3grafo: Cobertura Local y Geolocalizada<\/h2>\n\n\n\n<p class=\"wp-block-paragraph\">Nuestra log\u00edstica profesional nos permite desplegar coberturas en los puntos m\u00e1s estrat\u00e9gicos de la regi\u00f3n. Si buscas un fot\u00f3grafo con experiencia real en el terreno, cubrimos los principales municipios del Valle de Aburr\u00e1 y sus sectores clave:<\/p>\n\n\n\n<h3 class=\"wp-block-heading\">Fot\u00f3grafos en Medell\u00edn<\/h3>\n\n\n\n<p class=\"wp-block-paragraph\">Operamos en las comunas y zonas empresariales m\u00e1s importantes de la capital. Si necesitas fotograf\u00eda de marca personal o cobertura de eventos corporativos de \u00e9lite, nos desplazamos directamente a:<\/p>\n\n\n\n<ul class=\"wp-block-list\">\n<li><strong>El Poblado:<\/strong> (Sectores como Provenza, Patio Bonito, El Tesoro y la Milla de Oro).<\/li>\n\n\n\n<li><strong>Laureles &#8211; Estadio:<\/strong> (Zonas de la 70 y Carlos E. Restrepo).<\/li>\n\n\n\n<li><strong>Bel\u00e9n y Guayabal:<\/strong> Atendiendo centros de eventos y zonas industriales clave.<\/li>\n<\/ul>\n\n\n\n<h3 class=\"wp-block-heading\">Fot\u00f3grafos en Bello<\/h3>\n\n\n\n<p class=\"wp-block-paragraph\">Como uno de los epicentros de nuestra operaci\u00f3n fotogr\u00e1fica, conocemos a la perfecci\u00f3n los mejores \u00e1ngulos urbanos y naturales de este municipio. Brindamos soluciones para sesiones din\u00e1micas y aut\u00e9nticas en:<\/p>\n\n\n\n<ul class=\"wp-block-list\">\n<li><strong>Caba\u00f1as y Niqu\u00eda:<\/strong> Perfectos para producciones modernas cerca de las zonas comerciales.<\/li>\n\n\n\n<li><strong>El Rosario, Su\u00e1rez y la zona central:<\/strong> Espacios con car\u00e1cter para foto estudios profesionales.<\/li>\n<\/ul>\n\n\n\n<h3 class=\"wp-block-heading\">Fot\u00f3grafos en Envigado<\/h3>\n\n\n\n<p class=\"wp-block-paragraph\">Un entorno exclusivo que exige una est\u00e9tica limpia y sofisticada. Es el escenario predilecto para capturas elegantes en:<\/p>\n\n\n\n<ul class=\"wp-block-list\">\n<li><strong>Jardines, Zu\u00f1iga y San Lucas:<\/strong> Sectores de alta valorizaci\u00f3n ideales para retratos corporativos y editoriales.<\/li>\n\n\n\n<li><strong>El Dorado y Alcal\u00e1:<\/strong> Entornos urbanos con un aire tradicional \u00fanico.<\/li>\n<\/ul>\n\n\n\n<h3 class=\"wp-block-heading\">Fot\u00f3grafos en Sabaneta<\/h3>\n\n\n\n<p class=\"wp-block-paragraph\">El destino perfecto para la fotograf\u00eda de bodas y eventos que buscan resaltar la cercan\u00eda en ambientes vibrantes. Atendemos contratos directamente en:<\/p>\n\n\n\n<ul class=\"wp-block-list\">\n<li><strong>Aves Mar\u00eda y La Doctora:<\/strong> Zonas campestres y modernas ideales para capturas al aire libre.<\/li>\n\n\n\n<li><strong>El Restrepo y el sector del Parque Principal:<\/strong> Para coberturas con alta calidez y tradici\u00f3n.<\/li>\n<\/ul>\n\n\n\n<h3 class=\"wp-block-heading\">Fot\u00f3grafos en Itag\u00fc\u00ed y el resto del Valle de Aburr\u00e1<\/h3>\n\n\n\n<p class=\"wp-block-paragraph\">Ampliamos nuestra disponibilidad para cubrir las necesidades del sector empresarial, comercial y social en:<\/p>\n\n\n\n<ul class=\"wp-block-list\">\n<li><strong>Itag\u00fc\u00ed:<\/strong> Centros industriales, el sector de Ditaires y la zona de la Moda.<\/li>\n\n\n\n<li><strong>Copacabana, Girardota y Caldas:<\/strong> Atendiendo fincas de eventos y recepciones principales.<\/li>\n<\/ul>\n\n\n\n<h2 class=\"wp-block-heading\">Gesti\u00f3n Digital y Entrega de Proyectos<\/h2>\n\n\n\n<p class=\"wp-block-paragraph\">Entendemos que la seguridad de tus archivos es tan importante como la producci\u00f3n misma. Por eso, todos nuestros proyectos de fotograf\u00eda se gestionan a trav\u00e9s de nuestro <strong>Portal de Visualizaci\u00f3n Privada<\/strong>.<\/p>\n\n\n\n<p class=\"wp-block-paragraph\">Este sistema exclusivo de Orianthi garantiza que tus archivos en alta resoluci\u00f3n est\u00e9n disponibles para descarga inmediata. Olv\u00eddate de enlaces ca\u00eddos o p\u00e9rdidas de calidad; te ofrecemos una experiencia de entrega fluida, segura y con total privacidad, dise\u00f1ada para cumplir con el nivel de exigencia que tu marca o evento merece.<\/p>\n\n\n\n<h2 class=\"wp-block-heading\">\u00bfNecesitas asegurar la cobertura de tu evento?<\/h2>\n\n\n\n<p class=\"wp-block-paragraph\">S\u00e9 que planear la log\u00edstica de un evento genera dudas sobre presupuestos, tiempos de entrega o las mejores locaciones seg\u00fan la hora del d\u00eda en el Valle de Aburr\u00e1. No dejes una fecha importante al azar.<\/p>\n\n\n\n<p class=\"wp-block-paragraph\">\u00a1Hablemos directamente! Estoy aqu\u00ed para escucharte, resolver cada una de tus inquietudes t\u00e9cnicas y ayudarte a aterrizar la soluci\u00f3n fotogr\u00e1fica exacta que necesitas. Preguntar no tiene ning\u00fan costo y asesorarte es mi compromiso con la excelencia.<\/p>\n\n\n\n<blockquote class=\"wp-block-quote is-layout-flow wp-block-quote-is-layout-flow\">\n<p class=\"wp-block-paragraph\">\ud83d\udcf2 <strong>\u00bfListo para cotizar?<\/strong> Da el paso hoy mismo. <strong>[<a href=\"https:\/\/orianthi.com.co\/whatsapp\" target=\"_blank\" rel=\"noreferrer noopener\">Haz clic aqu\u00ed para escribirme por WhatsApp<\/a>]<\/strong> o env\u00edame un mensaje directo. Cu\u00e9ntame los detalles de tu proyecto y dise\u00f1emos juntos la cobertura profesional que tu evento necesita.<\/p>\n<\/blockquote>\n\n\n\n<hr class=\"wp-block-separator has-alpha-channel-opacity\"\/>\n","protected":false},"excerpt":{"rendered":"<p>El mayor error al contratar fot\u00f3grafos en Medell\u00edn es confiar el registro de un momento irrepetible a equipos improvisados o profesionales que no entienden las din\u00e1micas de luz, clima y log\u00edstica de Antioquia. Un evento corporativo retrasado, una boda con iluminaci\u00f3n deficiente o un foto estudio que se ve artificial son problemas reales que arruinan [&hellip;]<\/p>\n","protected":false},"author":1,"featured_media":11,"comment_status":"closed","ping_status":"open","sticky":false,"template":"","format":"standard","meta":{"footnotes":""},"categories":[1],"tags":[],"class_list":["post-9","post","type-post","status-publish","format-standard","has-post-thumbnail","hentry","category-ciudades","has-thumbnail"],"yoast_head":"<!-- This site is optimized with the Yoast SEO plugin v28.2 - https:\/\/yoast.com\/product\/yoast-seo-wordpress\/ -->\n<title>Fot\u00f3grafos en Medell\u00edn | Fotograf\u00eda de bodas y Eventos<\/title>\n<meta name=\"description\" content=\"\u00bfBuscas fot\u00f3grafos en Medell\u00edn? Asegura tu boda o evento. Cobertura profesional de fotograf\u00eda en Bello, Envigado, Sabaneta e Itag\u00fc\u00ed. \u00a1Cotiza ya!\" \/>\n<meta name=\"robots\" content=\"index, follow, max-snippet:-1, max-image-preview:large, max-video-preview:-1\" \/>\n<link rel=\"canonical\" href=\"https:\/\/orianthime.com\/co\/fotografos-medellin\/\" \/>\n<meta property=\"og:locale\" content=\"es_ES\" \/>\n<meta property=\"og:type\" content=\"article\" \/>\n<meta property=\"og:title\" content=\"Fot\u00f3grafos en Medell\u00edn | Fotograf\u00eda de bodas y Eventos\" \/>\n<meta property=\"og:description\" content=\"\u00bfBuscas fot\u00f3grafos en Medell\u00edn? Asegura tu boda o evento. Cobertura profesional de fotograf\u00eda en Bello, Envigado, Sabaneta e Itag\u00fc\u00ed. \u00a1Cotiza ya!\" \/>\n<meta property=\"og:url\" content=\"https:\/\/orianthime.com\/co\/fotografos-medellin\/\" \/>\n<meta property=\"og:site_name\" content=\"Fot\u00f3grafos Medell\u00edn, Manizales, Armenia, Pereira y Villavicencio\" \/>\n<meta property=\"article:published_time\" content=\"2026-07-07T06:11:10+00:00\" \/>\n<meta property=\"article:modified_time\" content=\"2026-07-09T04:34:33+00:00\" \/>\n<meta property=\"og:image\" content=\"https:\/\/orianthime.com\/co\/wp-content\/uploads\/2026\/07\/IMG_0951-scaled-1.webp\" \/>\n\t<meta property=\"og:image:width\" content=\"1600\" \/>\n\t<meta property=\"og:image:height\" content=\"2308\" \/>\n\t<meta property=\"og:image:type\" content=\"image\/webp\" \/>\n<meta name=\"author\" content=\"hola\" \/>\n<meta name=\"twitter:card\" content=\"summary_large_image\" \/>\n<meta name=\"twitter:label1\" content=\"Escrito por\" \/>\n\t<meta name=\"twitter:data1\" content=\"hola\" \/>\n\t<meta name=\"twitter:label2\" content=\"Tiempo de lectura\" \/>\n\t<meta name=\"twitter:data2\" content=\"3 minutos\" \/>\n<script type=\"application\/ld+json\" class=\"yoast-schema-graph\">{\"@context\":\"https:\\\/\\\/schema.org\",\"@graph\":[{\"@type\":\"Article\",\"@id\":\"https:\\\/\\\/orianthime.com\\\/co\\\/fotografos-medellin\\\/#article\",\"isPartOf\":{\"@id\":\"https:\\\/\\\/orianthime.com\\\/co\\\/fotografos-medellin\\\/\"},\"author\":{\"name\":\"hola\",\"@id\":\"https:\\\/\\\/orianthime.com\\\/co\\\/#\\\/schema\\\/person\\\/e6707c2366fa638871e6d3419f0a95e1\"},\"headline\":\"Fot\u00f3grafos en Medell\u00edn y el Valle de Aburr\u00e1: Fotograf\u00eda para Bodas y Eventos\",\"datePublished\":\"2026-07-07T06:11:10+00:00\",\"dateModified\":\"2026-07-09T04:34:33+00:00\",\"mainEntityOfPage\":{\"@id\":\"https:\\\/\\\/orianthime.com\\\/co\\\/fotografos-medellin\\\/\"},\"wordCount\":722,\"image\":{\"@id\":\"https:\\\/\\\/orianthime.com\\\/co\\\/fotografos-medellin\\\/#primaryimage\"},\"thumbnailUrl\":\"https:\\\/\\\/orianthime.com\\\/co\\\/wp-content\\\/uploads\\\/2026\\\/07\\\/IMG_0951-scaled-1.webp\",\"articleSection\":[\"ciudades\"],\"inLanguage\":\"es\"},{\"@type\":\"WebPage\",\"@id\":\"https:\\\/\\\/orianthime.com\\\/co\\\/fotografos-medellin\\\/\",\"url\":\"https:\\\/\\\/orianthime.com\\\/co\\\/fotografos-medellin\\\/\",\"name\":\"Fot\u00f3grafos en Medell\u00edn | Fotograf\u00eda de bodas y Eventos\",\"isPartOf\":{\"@id\":\"https:\\\/\\\/orianthime.com\\\/co\\\/#website\"},\"primaryImageOfPage\":{\"@id\":\"https:\\\/\\\/orianthime.com\\\/co\\\/fotografos-medellin\\\/#primaryimage\"},\"image\":{\"@id\":\"https:\\\/\\\/orianthime.com\\\/co\\\/fotografos-medellin\\\/#primaryimage\"},\"thumbnailUrl\":\"https:\\\/\\\/orianthime.com\\\/co\\\/wp-content\\\/uploads\\\/2026\\\/07\\\/IMG_0951-scaled-1.webp\",\"datePublished\":\"2026-07-07T06:11:10+00:00\",\"dateModified\":\"2026-07-09T04:34:33+00:00\",\"author\":{\"@id\":\"https:\\\/\\\/orianthime.com\\\/co\\\/#\\\/schema\\\/person\\\/e6707c2366fa638871e6d3419f0a95e1\"},\"description\":\"\u00bfBuscas fot\u00f3grafos en Medell\u00edn? Asegura tu boda o evento. Cobertura profesional de fotograf\u00eda en Bello, Envigado, Sabaneta e Itag\u00fc\u00ed. \u00a1Cotiza ya!\",\"breadcrumb\":{\"@id\":\"https:\\\/\\\/orianthime.com\\\/co\\\/fotografos-medellin\\\/#breadcrumb\"},\"inLanguage\":\"es\",\"potentialAction\":[{\"@type\":\"ReadAction\",\"target\":[\"https:\\\/\\\/orianthime.com\\\/co\\\/fotografos-medellin\\\/\"]}]},{\"@type\":\"ImageObject\",\"inLanguage\":\"es\",\"@id\":\"https:\\\/\\\/orianthime.com\\\/co\\\/fotografos-medellin\\\/#primaryimage\",\"url\":\"https:\\\/\\\/orianthime.com\\\/co\\\/wp-content\\\/uploads\\\/2026\\\/07\\\/IMG_0951-scaled-1.webp\",\"contentUrl\":\"https:\\\/\\\/orianthime.com\\\/co\\\/wp-content\\\/uploads\\\/2026\\\/07\\\/IMG_0951-scaled-1.webp\",\"width\":1600,\"height\":2308},{\"@type\":\"BreadcrumbList\",\"@id\":\"https:\\\/\\\/orianthime.com\\\/co\\\/fotografos-medellin\\\/#breadcrumb\",\"itemListElement\":[{\"@type\":\"ListItem\",\"position\":1,\"name\":\"Home\",\"item\":\"https:\\\/\\\/orianthime.com\\\/co\\\/\"},{\"@type\":\"ListItem\",\"position\":2,\"name\":\"Fot\u00f3grafos en Medell\u00edn y el Valle de Aburr\u00e1: Fotograf\u00eda para Bodas y Eventos\"}]},{\"@type\":\"WebSite\",\"@id\":\"https:\\\/\\\/orianthime.com\\\/co\\\/#website\",\"url\":\"https:\\\/\\\/orianthime.com\\\/co\\\/\",\"name\":\"Orianthi\",\"description\":\"Fotograf\u00eda de 15 a\u00f1os, bodas y eventos en Medell\u00edn, Villavicencio, Armenia Y Pereira.\",\"potentialAction\":[{\"@type\":\"SearchAction\",\"target\":{\"@type\":\"EntryPoint\",\"urlTemplate\":\"https:\\\/\\\/orianthime.com\\\/co\\\/?s={search_term_string}\"},\"query-input\":{\"@type\":\"PropertyValueSpecification\",\"valueRequired\":true,\"valueName\":\"search_term_string\"}}],\"inLanguage\":\"es\"},{\"@type\":\"Person\",\"@id\":\"https:\\\/\\\/orianthime.com\\\/co\\\/#\\\/schema\\\/person\\\/e6707c2366fa638871e6d3419f0a95e1\",\"name\":\"hola\",\"image\":{\"@type\":\"ImageObject\",\"inLanguage\":\"es\",\"@id\":\"https:\\\/\\\/secure.gravatar.com\\\/avatar\\\/1cab7a572a4e0d317f78cc4fffbc615c1e592b30efc0723a05139f8c8e113912?s=96&d=mm&r=g\",\"url\":\"https:\\\/\\\/secure.gravatar.com\\\/avatar\\\/1cab7a572a4e0d317f78cc4fffbc615c1e592b30efc0723a05139f8c8e113912?s=96&d=mm&r=g\",\"contentUrl\":\"https:\\\/\\\/secure.gravatar.com\\\/avatar\\\/1cab7a572a4e0d317f78cc4fffbc615c1e592b30efc0723a05139f8c8e113912?s=96&d=mm&r=g\",\"caption\":\"hola\"},\"sameAs\":[\"https:\\\/\\\/orianthime.com\\\/co\"],\"url\":\"https:\\\/\\\/orianthime.com\\\/co\\\/author\\\/hola\\\/\"}]}<\/script>\n<!-- \/ Yoast SEO plugin. -->","yoast_head_json":{"title":"Fot\u00f3grafos en Medell\u00edn | Fotograf\u00eda de bodas y Eventos","description":"\u00bfBuscas fot\u00f3grafos en Medell\u00edn? Asegura tu boda o evento. Cobertura profesional de fotograf\u00eda en Bello, Envigado, Sabaneta e Itag\u00fc\u00ed. \u00a1Cotiza ya!","robots":{"index":"index","follow":"follow","max-snippet":"max-snippet:-1","max-image-preview":"max-image-preview:large","max-video-preview":"max-video-preview:-1"},"canonical":"https:\/\/orianthime.com\/co\/fotografos-medellin\/","og_locale":"es_ES","og_type":"article","og_title":"Fot\u00f3grafos en Medell\u00edn | Fotograf\u00eda de bodas y Eventos","og_description":"\u00bfBuscas fot\u00f3grafos en Medell\u00edn? Asegura tu boda o evento. Cobertura profesional de fotograf\u00eda en Bello, Envigado, Sabaneta e Itag\u00fc\u00ed. \u00a1Cotiza ya!","og_url":"https:\/\/orianthime.com\/co\/fotografos-medellin\/","og_site_name":"Fot\u00f3grafos Medell\u00edn, Manizales, Armenia, Pereira y Villavicencio","article_published_time":"2026-07-07T06:11:10+00:00","article_modified_time":"2026-07-09T04:34:33+00:00","og_image":[{"width":1600,"height":2308,"url":"https:\/\/orianthime.com\/co\/wp-content\/uploads\/2026\/07\/IMG_0951-scaled-1.webp","type":"image\/webp"}],"author":"hola","twitter_card":"summary_large_image","twitter_misc":{"Escrito por":"hola","Tiempo de lectura":"3 minutos"},"schema":{"@context":"https:\/\/schema.org","@graph":[{"@type":"Article","@id":"https:\/\/orianthime.com\/co\/fotografos-medellin\/#article","isPartOf":{"@id":"https:\/\/orianthime.com\/co\/fotografos-medellin\/"},"author":{"name":"hola","@id":"https:\/\/orianthime.com\/co\/#\/schema\/person\/e6707c2366fa638871e6d3419f0a95e1"},"headline":"Fot\u00f3grafos en Medell\u00edn y el Valle de Aburr\u00e1: Fotograf\u00eda para Bodas y Eventos","datePublished":"2026-07-07T06:11:10+00:00","dateModified":"2026-07-09T04:34:33+00:00","mainEntityOfPage":{"@id":"https:\/\/orianthime.com\/co\/fotografos-medellin\/"},"wordCount":722,"image":{"@id":"https:\/\/orianthime.com\/co\/fotografos-medellin\/#primaryimage"},"thumbnailUrl":"https:\/\/orianthime.com\/co\/wp-content\/uploads\/2026\/07\/IMG_0951-scaled-1.webp","articleSection":["ciudades"],"inLanguage":"es"},{"@type":"WebPage","@id":"https:\/\/orianthime.com\/co\/fotografos-medellin\/","url":"https:\/\/orianthime.com\/co\/fotografos-medellin\/","name":"Fot\u00f3grafos en Medell\u00edn | Fotograf\u00eda de bodas y Eventos","isPartOf":{"@id":"https:\/\/orianthime.com\/co\/#website"},"primaryImageOfPage":{"@id":"https:\/\/orianthime.com\/co\/fotografos-medellin\/#primaryimage"},"image":{"@id":"https:\/\/orianthime.com\/co\/fotografos-medellin\/#primaryimage"},"thumbnailUrl":"https:\/\/orianthime.com\/co\/wp-content\/uploads\/2026\/07\/IMG_0951-scaled-1.webp","datePublished":"2026-07-07T06:11:10+00:00","dateModified":"2026-07-09T04:34:33+00:00","author":{"@id":"https:\/\/orianthime.com\/co\/#\/schema\/person\/e6707c2366fa638871e6d3419f0a95e1"},"description":"\u00bfBuscas fot\u00f3grafos en Medell\u00edn? Asegura tu boda o evento. Cobertura profesional de fotograf\u00eda en Bello, Envigado, Sabaneta e Itag\u00fc\u00ed. \u00a1Cotiza ya!","breadcrumb":{"@id":"https:\/\/orianthime.com\/co\/fotografos-medellin\/#breadcrumb"},"inLanguage":"es","potentialAction":[{"@type":"ReadAction","target":["https:\/\/orianthime.com\/co\/fotografos-medellin\/"]}]},{"@type":"ImageObject","inLanguage":"es","@id":"https:\/\/orianthime.com\/co\/fotografos-medellin\/#primaryimage","url":"https:\/\/orianthime.com\/co\/wp-content\/uploads\/2026\/07\/IMG_0951-scaled-1.webp","contentUrl":"https:\/\/orianthime.com\/co\/wp-content\/uploads\/2026\/07\/IMG_0951-scaled-1.webp","width":1600,"height":2308},{"@type":"BreadcrumbList","@id":"https:\/\/orianthime.com\/co\/fotografos-medellin\/#breadcrumb","itemListElement":[{"@type":"ListItem","position":1,"name":"Home","item":"https:\/\/orianthime.com\/co\/"},{"@type":"ListItem","position":2,"name":"Fot\u00f3grafos en Medell\u00edn y el Valle de Aburr\u00e1: Fotograf\u00eda para Bodas y Eventos"}]},{"@type":"WebSite","@id":"https:\/\/orianthime.com\/co\/#website","url":"https:\/\/orianthime.com\/co\/","name":"Orianthi","description":"Fotograf\u00eda de 15 a\u00f1os, bodas y eventos en Medell\u00edn, Villavicencio, Armenia Y Pereira.","potentialAction":[{"@type":"SearchAction","target":{"@type":"EntryPoint","urlTemplate":"https:\/\/orianthime.com\/co\/?s={search_term_string}"},"query-input":{"@type":"PropertyValueSpecification","valueRequired":true,"valueName":"search_term_string"}}],"inLanguage":"es"},{"@type":"Person","@id":"https:\/\/orianthime.com\/co\/#\/schema\/person\/e6707c2366fa638871e6d3419f0a95e1","name":"hola","image":{"@type":"ImageObject","inLanguage":"es","@id":"https:\/\/secure.gravatar.com\/avatar\/1cab7a572a4e0d317f78cc4fffbc615c1e592b30efc0723a05139f8c8e113912?s=96&d=mm&r=g","url":"https:\/\/secure.gravatar.com\/avatar\/1cab7a572a4e0d317f78cc4fffbc615c1e592b30efc0723a05139f8c8e113912?s=96&d=mm&r=g","contentUrl":"https:\/\/secure.gravatar.com\/avatar\/1cab7a572a4e0d317f78cc4fffbc615c1e592b30efc0723a05139f8c8e113912?s=96&d=mm&r=g","caption":"hola"},"sameAs":["https:\/\/orianthime.com\/co"],"url":"https:\/\/orianthime.com\/co\/author\/hola\/"}]}},"_links":{"self":[{"href":"https:\/\/orianthime.com\/co\/wp-json\/wp\/v2\/posts\/9","targetHints":{"allow":["GET"]}}],"collection":[{"href":"https:\/\/orianthime.com\/co\/wp-json\/wp\/v2\/posts"}],"about":[{"href":"https:\/\/orianthime.com\/co\/wp-json\/wp\/v2\/types\/post"}],"author":[{"embeddable":true,"href":"https:\/\/orianthime.com\/co\/wp-json\/wp\/v2\/users\/1"}],"replies":[{"embeddable":true,"href":"https:\/\/orianthime.com\/co\/wp-json\/wp\/v2\/comments?post=9"}],"version-history":[{"count":2,"href":"https:\/\/orianthime.com\/co\/wp-json\/wp\/v2\/posts\/9\/revisions"}],"predecessor-version":[{"id":20,"href":"https:\/\/orianthime.com\/co\/wp-json\/wp\/v2\/posts\/9\/revisions\/20"}],"wp:featuredmedia":[{"embeddable":true,"href":"https:\/\/orianthime.com\/co\/wp-json\/wp\/v2\/media\/11"}],"wp:attachment":[{"href":"https:\/\/orianthime.com\/co\/wp-json\/wp\/v2\/media?parent=9"}],"wp:term":[{"taxonomy":"category","embeddable":true,"href":"https:\/\/orianthime.com\/co\/wp-json\/wp\/v2\/categories?post=9"},{"taxonomy":"post_tag","embeddable":true,"href":"https:\/\/orianthime.com\/co\/wp-json\/wp\/v2\/tags?post=9"}],"curies":[{"name":"wp","href":"https:\/\/api.w.org\/{rel}","templated":true}]}}