{"id":42,"date":"2026-07-11T00:40:27","date_gmt":"2026-07-11T00:40:27","guid":{"rendered":"https:\/\/orianthime.com\/co\/?p=42"},"modified":"2026-07-11T00:40:27","modified_gmt":"2026-07-11T00:40:27","slug":"fotografos-barrancabermeja","status":"publish","type":"post","link":"https:\/\/orianthime.com\/co\/fotografos-barrancabermeja\/","title":{"rendered":"Fot\u00f3grafos en Barrancabermeja: Fotograf\u00eda de Bodas y Eventos"},"content":{"rendered":"\n<p class=\"wp-block-paragraph\">Las temperaturas extremas que superan los 35\u00b0C, la humedad sofocante que satura los componentes electr\u00f3nicos de las c\u00e1maras y los cambios dr\u00e1sticos de luz sobre el r\u00edo Magdalena son desaf\u00edos reales que da\u00f1an el registro de un momento importante en la regi\u00f3n si se conf\u00eda en personal improvisado. Un evento corporativo o industrial que se queda sin cobertura por bloqueos t\u00e9cnicos en los equipos debido al calor, o una boda donde los retratos salen con brillos excesivos en los rostros por un mal manejo de la luz del sol, representan una p\u00e9rdida de dinero y un dolor de cabeza innecesario.<\/p>\n\n\n\n<p class=\"wp-block-paragraph\">En <strong><a href=\"https:\/\/orianthime.com\/co\/\" target=\"_blank\" rel=\"noreferrer noopener\">Orianthi<\/a><\/strong> somos la soluci\u00f3n directa a esas frustraciones. Nos enfocamos en ofrecer una cobertura fotogr\u00e1fica profesional impecable, puntual y totalmente adaptada a las exigencias clim\u00e1ticas, lum\u00ednicas y operativas de Barrancabermeja. No dependemos de la suerte; blindamos visualmente tu inversi\u00f3n para entregar un resultado impecable con est\u00e1ndar internacional.<\/p>\n\n\n\n<h2 class=\"wp-block-heading\">Contrataci\u00f3n de Fot\u00f3grafo: Cobertura Local y Geolocalizada<\/h2>\n\n\n\n<p class=\"wp-block-paragraph\">Nuestra log\u00edstica profesional est\u00e1 perfectamente estructurada para movernos con agilidad tanto por los sectores corporativos y residenciales m\u00e1s exclusivos del \u00e1rea urbana como por los clubes, hoteles y complejos empresariales de la periferia. Si necesitas contratar un fot\u00f3grafo con experiencia real en el terreno, cubrimos estos 10 puntos clave de Barrancabermeja y sus alrededores:<\/p>\n\n\n\n<h3 class=\"wp-block-heading\">Fot\u00f3grafos en Barrancabermeja (Sectores Exclusivos y Corporativos)<\/h3>\n\n\n\n<p class=\"wp-block-paragraph\">Operamos directamente en las zonas comerciales, industriales y residenciales de m\u00e1s alto nivel en la ciudad, garantizando puntualidad y equipos de soporte en:<\/p>\n\n\n\n<ul class=\"wp-block-list\">\n<li><strong>Gal\u00e1n:<\/strong> El sector residencial y corporativo premium por excelencia en la ciudad. Ideal para fotograf\u00eda de marca personal, lanzamientos institucionales y eventos empresariales de alto perfil.<\/li>\n\n\n\n<li><strong>Parnaso:<\/strong> Un barrio tradicional, elegante y c\u00e9ntrico, perfecto para coordinar retratos ejecutivos, fotograf\u00eda institucional y log\u00edstica de eventos sociales privados.<\/li>\n\n\n\n<li><strong>Palmira:<\/strong> Zona con una alta din\u00e1mica comercial y hotelera, id\u00f3nea para coberturas corporativas, conferencias y lanzamientos de marcas locales.<\/li>\n\n\n\n<li><strong>El Recreo y Agora:<\/strong> Sectores residenciales exclusivos de estrato alto, id\u00f3neos para retratos editoriales en exteriores controlados y sesiones privadas de alto perfil.<\/li>\n\n\n\n<li><strong>Sector Comercial y Centro:<\/strong> El n\u00facleo financiero de la ciudad, donde atendemos asambleas empresariales, eventos corporativos y gubernamentales en salones principales y hoteles de cadena.<\/li>\n\n\n\n<li><strong>Muelle y Paseo de la Cultura:<\/strong> Puntos ic\u00f3nicos junto al r\u00edo donde realizamos capturas de exteriores de gran formato aprovechando de forma t\u00e9cnica la luz dorada del atardecer.<\/li>\n<\/ul>\n\n\n\n<h3 class=\"wp-block-heading\">Fot\u00f3grafos en Zonas de Clubes y Municipios Aleda\u00f1os<\/h3>\n\n\n\n<p class=\"wp-block-paragraph\">Nos desplazamos con equipos t\u00e9cnicos completos a los sectores campestres y municipios vecinos donde se celebran las recepciones m\u00e1s exclusivas:<\/p>\n\n\n\n<ul class=\"wp-block-list\">\n<li><strong>Club Infantas y Club Miramar:<\/strong> Los centros sociales y de eventos m\u00e1s importantes de la ciudad, ideales para bodas de gran formato y convenciones empresariales que requieren un despliegue log\u00edstico impecable.<\/li>\n\n\n\n<li><strong>Yond\u00f3 (Antioquia):<\/strong> Cruzando el imponente puente Guillermo Gaviria, cubrimos eventos corporativos, institucionales y sociales en este din\u00e1mico municipio vecino.<\/li>\n\n\n\n<li><strong>El Centro (Corregimiento):<\/strong> El n\u00facleo hist\u00f3rico de la actividad petrolera de la regi\u00f3n, id\u00f3neo para fotograf\u00eda corporativa de infraestructura, eventos de ingenier\u00eda y reuniones institucionales.<\/li>\n\n\n\n<li><strong>Sabana de Torres y Puerto Wilches:<\/strong> Sectores agroindustriales clave en el departamento donde nos desplazamos para cubrir eventos de juntas directivas y fotograf\u00eda corporativa de gran formato.<\/li>\n<\/ul>\n\n\n\n<h2 class=\"wp-block-heading\">Gesti\u00f3n Digital y Entrega de Proyectos<\/h2>\n\n\n\n<p class=\"wp-block-paragraph\">Sabemos que la seguridad y la inmediatez en la entrega son tan cr\u00edticas como el d\u00eda de la toma de fotos, especialmente para los sectores corporativos que exigen reportes r\u00e1pidos y flujos de trabajo eficientes. Por eso, todos nuestros proyectos se gestionan a trav\u00e9s de nuestro <strong>Portal de Visualizaci\u00f3n Privada<\/strong>.<\/p>\n\n\n\n<p class=\"wp-block-paragraph\">Este sistema exclusivo de Orianthi garantiza que tus archivos en alta resoluci\u00f3n est\u00e9n disponibles para descarga inmediata bajo estrictos par\u00e1metros de seguridad. Olv\u00eddate de enlaces p\u00fablicos lentos que comprimen el color o p\u00e9rdidas de calidad; te ofrecemos una experiencia de entrega fluida, segura y con la privacidad que un cliente premium exige.<\/p>\n\n\n\n<h2 class=\"wp-block-heading\">\u00bfTienes un evento en mente en Barrancabermeja?<\/h2>\n\n\n\n<p class=\"wp-block-paragraph\">Planear la log\u00edstica de una boda o un evento corporativo en Barrancabermeja genera muchas dudas sobre c\u00f3mo proteger los equipos del calor extremo, los mejores horarios para evitar el sol duro del mediod\u00eda o los requerimientos t\u00e9cnicos en recintos cerrados con aire acondicionado. No dejes el registro de tu fecha importante al azar o en manos de la improvisaci\u00f3n.<\/p>\n\n\n\n<p class=\"wp-block-paragraph\">\u00a1Hablemos directamente! Estoy aqu\u00ed para escucharte, resolver cada una de tus inquietudes t\u00e9cnicas y ayudarte a activar la soluci\u00f3n fotogr\u00e1fica exacta que necesitas. Preguntar no tiene ning\u00fan costo y asesorarte es mi compromiso con la excelencia.<\/p>\n\n\n\n<blockquote class=\"wp-block-quote is-layout-flow wp-block-quote-is-layout-flow\">\n<p class=\"wp-block-paragraph\">\ud83d\udcf2 <strong>\u00bfListo para cotizar tu fecha?<\/strong> Da el paso hoy mismo. <strong>[<a href=\"https:\/\/www.orianthi.com.co\/whatsapp\" target=\"_blank\" rel=\"noreferrer noopener\">Haz clic aqu\u00ed para escribirme por WhatsApp<\/a>]<\/strong> o env\u00edame un mensaje directo. Cu\u00e9ntame los detalles de tu proyecto y dise\u00f1emos juntos la cobertura profesional que tu evento necesita.<\/p>\n<\/blockquote>\n\n\n\n<hr class=\"wp-block-separator has-alpha-channel-opacity\"\/>\n\n\n\n<p class=\"wp-block-paragraph\"><\/p>\n","protected":false},"excerpt":{"rendered":"<p>Las temperaturas extremas que superan los 35\u00b0C, la humedad sofocante que satura los componentes electr\u00f3nicos de las c\u00e1maras y los cambios dr\u00e1sticos de luz sobre el r\u00edo Magdalena son desaf\u00edos reales que da\u00f1an el registro de un momento importante en la regi\u00f3n si se conf\u00eda en personal improvisado. Un evento corporativo o industrial que se [&hellip;]<\/p>\n","protected":false},"author":1,"featured_media":43,"comment_status":"closed","ping_status":"open","sticky":false,"template":"","format":"standard","meta":{"footnotes":""},"categories":[1],"tags":[],"class_list":["post-42","post","type-post","status-publish","format-standard","has-post-thumbnail","hentry","category-ciudades","has-thumbnail"],"yoast_head":"<!-- This site is optimized with the Yoast SEO plugin v28.2 - https:\/\/yoast.com\/product\/yoast-seo-wordpress\/ -->\n<title>Fot\u00f3grafos en Barrancabermeja | Fotograf\u00eda de Bodas y Eventos<\/title>\n<meta name=\"description\" content=\"\u00bfBuscas fot\u00f3grafos en Barrancabermeja? Asegura tu boda o evento. Cobertura profesional de fotograf\u00eda en Gal\u00e1n, Parnaso y Club Infantas. \u00a1Cotiza ya!\" \/>\n<meta name=\"robots\" content=\"index, follow, max-snippet:-1, max-image-preview:large, max-video-preview:-1\" \/>\n<link rel=\"canonical\" href=\"https:\/\/orianthime.com\/co\/fotografos-barrancabermeja\/\" \/>\n<meta property=\"og:locale\" content=\"es_ES\" \/>\n<meta property=\"og:type\" content=\"article\" \/>\n<meta property=\"og:title\" content=\"Fot\u00f3grafos en Barrancabermeja | Fotograf\u00eda de Bodas y Eventos\" \/>\n<meta property=\"og:description\" content=\"\u00bfBuscas fot\u00f3grafos en Barrancabermeja? Asegura tu boda o evento. Cobertura profesional de fotograf\u00eda en Gal\u00e1n, Parnaso y Club Infantas. \u00a1Cotiza ya!\" \/>\n<meta property=\"og:url\" content=\"https:\/\/orianthime.com\/co\/fotografos-barrancabermeja\/\" \/>\n<meta property=\"og:site_name\" content=\"Fot\u00f3grafos Medell\u00edn, Manizales, Armenia, Pereira y Villavicencio\" \/>\n<meta property=\"article:published_time\" content=\"2026-07-11T00:40:27+00:00\" \/>\n<meta property=\"og:image\" content=\"https:\/\/orianthime.com\/co\/wp-content\/uploads\/2026\/07\/30.jpg\" \/>\n\t<meta property=\"og:image:width\" content=\"1067\" \/>\n\t<meta property=\"og:image:height\" content=\"1600\" \/>\n\t<meta property=\"og:image:type\" content=\"image\/jpeg\" \/>\n<meta name=\"author\" content=\"hola\" \/>\n<meta name=\"twitter:card\" content=\"summary_large_image\" \/>\n<meta name=\"twitter:label1\" content=\"Escrito por\" \/>\n\t<meta name=\"twitter:data1\" content=\"hola\" \/>\n\t<meta name=\"twitter:label2\" content=\"Tiempo de lectura\" \/>\n\t<meta name=\"twitter:data2\" content=\"4 minutos\" \/>\n<script type=\"application\/ld+json\" class=\"yoast-schema-graph\">{\"@context\":\"https:\\\/\\\/schema.org\",\"@graph\":[{\"@type\":\"Article\",\"@id\":\"https:\\\/\\\/orianthime.com\\\/co\\\/fotografos-barrancabermeja\\\/#article\",\"isPartOf\":{\"@id\":\"https:\\\/\\\/orianthime.com\\\/co\\\/fotografos-barrancabermeja\\\/\"},\"author\":{\"name\":\"hola\",\"@id\":\"https:\\\/\\\/orianthime.com\\\/co\\\/#\\\/schema\\\/person\\\/e6707c2366fa638871e6d3419f0a95e1\"},\"headline\":\"Fot\u00f3grafos en Barrancabermeja: Fotograf\u00eda de Bodas y Eventos\",\"datePublished\":\"2026-07-11T00:40:27+00:00\",\"mainEntityOfPage\":{\"@id\":\"https:\\\/\\\/orianthime.com\\\/co\\\/fotografos-barrancabermeja\\\/\"},\"wordCount\":840,\"image\":{\"@id\":\"https:\\\/\\\/orianthime.com\\\/co\\\/fotografos-barrancabermeja\\\/#primaryimage\"},\"thumbnailUrl\":\"https:\\\/\\\/orianthime.com\\\/co\\\/wp-content\\\/uploads\\\/2026\\\/07\\\/30.jpg\",\"articleSection\":[\"ciudades\"],\"inLanguage\":\"es\"},{\"@type\":\"WebPage\",\"@id\":\"https:\\\/\\\/orianthime.com\\\/co\\\/fotografos-barrancabermeja\\\/\",\"url\":\"https:\\\/\\\/orianthime.com\\\/co\\\/fotografos-barrancabermeja\\\/\",\"name\":\"Fot\u00f3grafos en Barrancabermeja | Fotograf\u00eda de Bodas y Eventos\",\"isPartOf\":{\"@id\":\"https:\\\/\\\/orianthime.com\\\/co\\\/#website\"},\"primaryImageOfPage\":{\"@id\":\"https:\\\/\\\/orianthime.com\\\/co\\\/fotografos-barrancabermeja\\\/#primaryimage\"},\"image\":{\"@id\":\"https:\\\/\\\/orianthime.com\\\/co\\\/fotografos-barrancabermeja\\\/#primaryimage\"},\"thumbnailUrl\":\"https:\\\/\\\/orianthime.com\\\/co\\\/wp-content\\\/uploads\\\/2026\\\/07\\\/30.jpg\",\"datePublished\":\"2026-07-11T00:40:27+00:00\",\"author\":{\"@id\":\"https:\\\/\\\/orianthime.com\\\/co\\\/#\\\/schema\\\/person\\\/e6707c2366fa638871e6d3419f0a95e1\"},\"description\":\"\u00bfBuscas fot\u00f3grafos en Barrancabermeja? Asegura tu boda o evento. Cobertura profesional de fotograf\u00eda en Gal\u00e1n, Parnaso y Club Infantas. \u00a1Cotiza ya!\",\"breadcrumb\":{\"@id\":\"https:\\\/\\\/orianthime.com\\\/co\\\/fotografos-barrancabermeja\\\/#breadcrumb\"},\"inLanguage\":\"es\",\"potentialAction\":[{\"@type\":\"ReadAction\",\"target\":[\"https:\\\/\\\/orianthime.com\\\/co\\\/fotografos-barrancabermeja\\\/\"]}]},{\"@type\":\"ImageObject\",\"inLanguage\":\"es\",\"@id\":\"https:\\\/\\\/orianthime.com\\\/co\\\/fotografos-barrancabermeja\\\/#primaryimage\",\"url\":\"https:\\\/\\\/orianthime.com\\\/co\\\/wp-content\\\/uploads\\\/2026\\\/07\\\/30.jpg\",\"contentUrl\":\"https:\\\/\\\/orianthime.com\\\/co\\\/wp-content\\\/uploads\\\/2026\\\/07\\\/30.jpg\",\"width\":1067,\"height\":1600},{\"@type\":\"BreadcrumbList\",\"@id\":\"https:\\\/\\\/orianthime.com\\\/co\\\/fotografos-barrancabermeja\\\/#breadcrumb\",\"itemListElement\":[{\"@type\":\"ListItem\",\"position\":1,\"name\":\"Home\",\"item\":\"https:\\\/\\\/orianthime.com\\\/co\\\/\"},{\"@type\":\"ListItem\",\"position\":2,\"name\":\"Fot\u00f3grafos en Barrancabermeja: Fotograf\u00eda de Bodas y Eventos\"}]},{\"@type\":\"WebSite\",\"@id\":\"https:\\\/\\\/orianthime.com\\\/co\\\/#website\",\"url\":\"https:\\\/\\\/orianthime.com\\\/co\\\/\",\"name\":\"Orianthi\",\"description\":\"Fotograf\u00eda de 15 a\u00f1os, bodas y eventos en Medell\u00edn, Villavicencio, Armenia Y Pereira.\",\"potentialAction\":[{\"@type\":\"SearchAction\",\"target\":{\"@type\":\"EntryPoint\",\"urlTemplate\":\"https:\\\/\\\/orianthime.com\\\/co\\\/?s={search_term_string}\"},\"query-input\":{\"@type\":\"PropertyValueSpecification\",\"valueRequired\":true,\"valueName\":\"search_term_string\"}}],\"inLanguage\":\"es\"},{\"@type\":\"Person\",\"@id\":\"https:\\\/\\\/orianthime.com\\\/co\\\/#\\\/schema\\\/person\\\/e6707c2366fa638871e6d3419f0a95e1\",\"name\":\"hola\",\"image\":{\"@type\":\"ImageObject\",\"inLanguage\":\"es\",\"@id\":\"https:\\\/\\\/secure.gravatar.com\\\/avatar\\\/1cab7a572a4e0d317f78cc4fffbc615c1e592b30efc0723a05139f8c8e113912?s=96&d=mm&r=g\",\"url\":\"https:\\\/\\\/secure.gravatar.com\\\/avatar\\\/1cab7a572a4e0d317f78cc4fffbc615c1e592b30efc0723a05139f8c8e113912?s=96&d=mm&r=g\",\"contentUrl\":\"https:\\\/\\\/secure.gravatar.com\\\/avatar\\\/1cab7a572a4e0d317f78cc4fffbc615c1e592b30efc0723a05139f8c8e113912?s=96&d=mm&r=g\",\"caption\":\"hola\"},\"sameAs\":[\"https:\\\/\\\/orianthime.com\\\/co\"],\"url\":\"https:\\\/\\\/orianthime.com\\\/co\\\/author\\\/hola\\\/\"}]}<\/script>\n<!-- \/ Yoast SEO plugin. -->","yoast_head_json":{"title":"Fot\u00f3grafos en Barrancabermeja | Fotograf\u00eda de Bodas y Eventos","description":"\u00bfBuscas fot\u00f3grafos en Barrancabermeja? Asegura tu boda o evento. Cobertura profesional de fotograf\u00eda en Gal\u00e1n, Parnaso y Club Infantas. \u00a1Cotiza ya!","robots":{"index":"index","follow":"follow","max-snippet":"max-snippet:-1","max-image-preview":"max-image-preview:large","max-video-preview":"max-video-preview:-1"},"canonical":"https:\/\/orianthime.com\/co\/fotografos-barrancabermeja\/","og_locale":"es_ES","og_type":"article","og_title":"Fot\u00f3grafos en Barrancabermeja | Fotograf\u00eda de Bodas y Eventos","og_description":"\u00bfBuscas fot\u00f3grafos en Barrancabermeja? Asegura tu boda o evento. Cobertura profesional de fotograf\u00eda en Gal\u00e1n, Parnaso y Club Infantas. \u00a1Cotiza ya!","og_url":"https:\/\/orianthime.com\/co\/fotografos-barrancabermeja\/","og_site_name":"Fot\u00f3grafos Medell\u00edn, Manizales, Armenia, Pereira y Villavicencio","article_published_time":"2026-07-11T00:40:27+00:00","og_image":[{"width":1067,"height":1600,"url":"https:\/\/orianthime.com\/co\/wp-content\/uploads\/2026\/07\/30.jpg","type":"image\/jpeg"}],"author":"hola","twitter_card":"summary_large_image","twitter_misc":{"Escrito por":"hola","Tiempo de lectura":"4 minutos"},"schema":{"@context":"https:\/\/schema.org","@graph":[{"@type":"Article","@id":"https:\/\/orianthime.com\/co\/fotografos-barrancabermeja\/#article","isPartOf":{"@id":"https:\/\/orianthime.com\/co\/fotografos-barrancabermeja\/"},"author":{"name":"hola","@id":"https:\/\/orianthime.com\/co\/#\/schema\/person\/e6707c2366fa638871e6d3419f0a95e1"},"headline":"Fot\u00f3grafos en Barrancabermeja: Fotograf\u00eda de Bodas y Eventos","datePublished":"2026-07-11T00:40:27+00:00","mainEntityOfPage":{"@id":"https:\/\/orianthime.com\/co\/fotografos-barrancabermeja\/"},"wordCount":840,"image":{"@id":"https:\/\/orianthime.com\/co\/fotografos-barrancabermeja\/#primaryimage"},"thumbnailUrl":"https:\/\/orianthime.com\/co\/wp-content\/uploads\/2026\/07\/30.jpg","articleSection":["ciudades"],"inLanguage":"es"},{"@type":"WebPage","@id":"https:\/\/orianthime.com\/co\/fotografos-barrancabermeja\/","url":"https:\/\/orianthime.com\/co\/fotografos-barrancabermeja\/","name":"Fot\u00f3grafos en Barrancabermeja | Fotograf\u00eda de Bodas y Eventos","isPartOf":{"@id":"https:\/\/orianthime.com\/co\/#website"},"primaryImageOfPage":{"@id":"https:\/\/orianthime.com\/co\/fotografos-barrancabermeja\/#primaryimage"},"image":{"@id":"https:\/\/orianthime.com\/co\/fotografos-barrancabermeja\/#primaryimage"},"thumbnailUrl":"https:\/\/orianthime.com\/co\/wp-content\/uploads\/2026\/07\/30.jpg","datePublished":"2026-07-11T00:40:27+00:00","author":{"@id":"https:\/\/orianthime.com\/co\/#\/schema\/person\/e6707c2366fa638871e6d3419f0a95e1"},"description":"\u00bfBuscas fot\u00f3grafos en Barrancabermeja? Asegura tu boda o evento. Cobertura profesional de fotograf\u00eda en Gal\u00e1n, Parnaso y Club Infantas. \u00a1Cotiza ya!","breadcrumb":{"@id":"https:\/\/orianthime.com\/co\/fotografos-barrancabermeja\/#breadcrumb"},"inLanguage":"es","potentialAction":[{"@type":"ReadAction","target":["https:\/\/orianthime.com\/co\/fotografos-barrancabermeja\/"]}]},{"@type":"ImageObject","inLanguage":"es","@id":"https:\/\/orianthime.com\/co\/fotografos-barrancabermeja\/#primaryimage","url":"https:\/\/orianthime.com\/co\/wp-content\/uploads\/2026\/07\/30.jpg","contentUrl":"https:\/\/orianthime.com\/co\/wp-content\/uploads\/2026\/07\/30.jpg","width":1067,"height":1600},{"@type":"BreadcrumbList","@id":"https:\/\/orianthime.com\/co\/fotografos-barrancabermeja\/#breadcrumb","itemListElement":[{"@type":"ListItem","position":1,"name":"Home","item":"https:\/\/orianthime.com\/co\/"},{"@type":"ListItem","position":2,"name":"Fot\u00f3grafos en Barrancabermeja: Fotograf\u00eda de Bodas y Eventos"}]},{"@type":"WebSite","@id":"https:\/\/orianthime.com\/co\/#website","url":"https:\/\/orianthime.com\/co\/","name":"Orianthi","description":"Fotograf\u00eda de 15 a\u00f1os, bodas y eventos en Medell\u00edn, Villavicencio, Armenia Y Pereira.","potentialAction":[{"@type":"SearchAction","target":{"@type":"EntryPoint","urlTemplate":"https:\/\/orianthime.com\/co\/?s={search_term_string}"},"query-input":{"@type":"PropertyValueSpecification","valueRequired":true,"valueName":"search_term_string"}}],"inLanguage":"es"},{"@type":"Person","@id":"https:\/\/orianthime.com\/co\/#\/schema\/person\/e6707c2366fa638871e6d3419f0a95e1","name":"hola","image":{"@type":"ImageObject","inLanguage":"es","@id":"https:\/\/secure.gravatar.com\/avatar\/1cab7a572a4e0d317f78cc4fffbc615c1e592b30efc0723a05139f8c8e113912?s=96&d=mm&r=g","url":"https:\/\/secure.gravatar.com\/avatar\/1cab7a572a4e0d317f78cc4fffbc615c1e592b30efc0723a05139f8c8e113912?s=96&d=mm&r=g","contentUrl":"https:\/\/secure.gravatar.com\/avatar\/1cab7a572a4e0d317f78cc4fffbc615c1e592b30efc0723a05139f8c8e113912?s=96&d=mm&r=g","caption":"hola"},"sameAs":["https:\/\/orianthime.com\/co"],"url":"https:\/\/orianthime.com\/co\/author\/hola\/"}]}},"_links":{"self":[{"href":"https:\/\/orianthime.com\/co\/wp-json\/wp\/v2\/posts\/42","targetHints":{"allow":["GET"]}}],"collection":[{"href":"https:\/\/orianthime.com\/co\/wp-json\/wp\/v2\/posts"}],"about":[{"href":"https:\/\/orianthime.com\/co\/wp-json\/wp\/v2\/types\/post"}],"author":[{"embeddable":true,"href":"https:\/\/orianthime.com\/co\/wp-json\/wp\/v2\/users\/1"}],"replies":[{"embeddable":true,"href":"https:\/\/orianthime.com\/co\/wp-json\/wp\/v2\/comments?post=42"}],"version-history":[{"count":1,"href":"https:\/\/orianthime.com\/co\/wp-json\/wp\/v2\/posts\/42\/revisions"}],"predecessor-version":[{"id":44,"href":"https:\/\/orianthime.com\/co\/wp-json\/wp\/v2\/posts\/42\/revisions\/44"}],"wp:featuredmedia":[{"embeddable":true,"href":"https:\/\/orianthime.com\/co\/wp-json\/wp\/v2\/media\/43"}],"wp:attachment":[{"href":"https:\/\/orianthime.com\/co\/wp-json\/wp\/v2\/media?parent=42"}],"wp:term":[{"taxonomy":"category","embeddable":true,"href":"https:\/\/orianthime.com\/co\/wp-json\/wp\/v2\/categories?post=42"},{"taxonomy":"post_tag","embeddable":true,"href":"https:\/\/orianthime.com\/co\/wp-json\/wp\/v2\/tags?post=42"}],"curies":[{"name":"wp","href":"https:\/\/api.w.org\/{rel}","templated":true}]}}