{"id":39,"date":"2026-07-11T00:11:14","date_gmt":"2026-07-11T00:11:14","guid":{"rendered":"https:\/\/orianthime.com\/co\/?p=39"},"modified":"2026-07-11T00:11:15","modified_gmt":"2026-07-11T00:11:15","slug":"fotografos-tunja","status":"publish","type":"post","link":"https:\/\/orianthime.com\/co\/fotografos-tunja\/","title":{"rendered":"Fot\u00f3grafos en Tunja y Boyac\u00e1: Fotograf\u00eda de Bodas y Eventos"},"content":{"rendered":"\n<p class=\"wp-block-paragraph\">El viento fr\u00edo de la meseta que condiciona las sesiones al aire libre, los cambios clim\u00e1ticos imprevistos que alteran la luz natural y el reto t\u00e9cnico de iluminar estructuras coloniales de techos altos o recintos modernos son desaf\u00edos reales que da\u00f1an el registro de un momento importante en Boyac\u00e1 si se conf\u00eda en personal improvisado. Un evento corporativo que pierde impacto visual por una iluminaci\u00f3n deficiente en el sal\u00f3n, o una boda campestre donde las capturas se ven opacas y sin vida debido a un mal manejo de las tardes nubladas, representan una p\u00e9rdida de dinero y un dolor de cabeza innecesario.<\/p>\n\n\n\n<p class=\"wp-block-paragraph\">En <strong><a href=\"https:\/\/orianthime.com\/co\/\" target=\"_blank\" rel=\"noreferrer noopener\">Orianthi<\/a><\/strong> somos la soluci\u00f3n directa a esas frustraciones. Nos enfocamos en ofrecer una cobertura fotogr\u00e1fica profesional impecable, puntual y totalmente adaptada a la geograf\u00eda, la luz y los microclimas de Tunja y sus alrededores. No dependemos de la suerte; blindamos visualmente tu inversi\u00f3n para entregar un resultado impecable con est\u00e1ndar internacional.<\/p>\n\n\n\n<h2 class=\"wp-block-heading\">Contrataci\u00f3n de Fot\u00f3grafo: Cobertura Local y Geolocalizada<\/h2>\n\n\n\n<p class=\"wp-block-paragraph\">Nuestra log\u00edstica profesional est\u00e1 perfectamente estructurada para movernos con agilidad tanto por los sectores residenciales y empresariales m\u00e1s exclusivos del norte de la ciudad como por las haciendas, vi\u00f1edos y hoteles hist\u00f3ricos del departamento. Si necesitas contratar un fot\u00f3grafo con experiencia real en el terreno, cubrimos estos 10 puntos clave de Tunja y Boyac\u00e1:<\/p>\n\n\n\n<h3 class=\"wp-block-heading\">Fot\u00f3grafos en Tunja (Sectores Exclusivos y Empresariales)<\/h3>\n\n\n\n<p class=\"wp-block-paragraph\">Operamos directamente en las zonas comerciales, financieras y residenciales de m\u00e1s alto nivel en la capital boyacense, garantizando puntualidad y equipos de respaldo en:<\/p>\n\n\n\n<ul class=\"wp-block-list\">\n<li><strong>Unicentro y Sector Mesos:<\/strong> El epicentro comercial y residencial del norte de la ciudad. Ideal para fotograf\u00eda de marca personal, lanzamientos comerciales y eventos de alto perfil.<\/li>\n\n\n\n<li><strong>La Pradera y Santa In\u00e9s:<\/strong> Barrios residenciales tradicionales de estrato alto, perfectos para coordinar retratos ejecutivos, fotograf\u00eda corporativa y log\u00edstica de eventos sociales privados.<\/li>\n\n\n\n<li><strong>Cooservicios y Los Muiscas:<\/strong> Sectores en el ala norte con una alta din\u00e1mica residencial y empresarial, id\u00f3neos para coberturas institucionales y fotograf\u00eda comercial.<\/li>\n\n\n\n<li><strong>Sector de la UPTC y Avenida Central del Norte:<\/strong> Corredores principales donde atendemos eventos de perfil acad\u00e9mico, corporativo y comercial de forma fluida.<\/li>\n\n\n\n<li><strong>Centro Hist\u00f3rico de Tunja:<\/strong> Una zona rica en arquitectura colonial donde cubrimos eventos gubernamentales, institucionales y religiosos en templos y salones principales.<\/li>\n<\/ul>\n\n\n\n<h3 class=\"wp-block-heading\">Fot\u00f3grafos en los Municipios Tur\u00edsticos y Campestres de Boyac\u00e1<\/h3>\n\n\n\n<p class=\"wp-block-paragraph\">Nos desplazamos con equipos t\u00e9cnicos completos a los escenarios coloniales, vi\u00f1edos y haciendas de eventos m\u00e1s cotizados del departamento:<\/p>\n\n\n\n<ul class=\"wp-block-list\">\n<li><strong>Villa de Leyva:<\/strong> El destino hist\u00f3rico por excelencia para bodas de destino en el pa\u00eds. Sus calles empedradas, fachadas blancas, plazas inmensas y hoteles boutique exigen un dominio fotogr\u00e1fico avanzado de la luz y el contraste.<\/li>\n\n\n\n<li><strong>Paipa:<\/strong> Famoso por su entorno natural y el Lago Sochagota. Alberga los principales hoteles de convenciones y clubes de la regi\u00f3n, siendo el escenario predilecto para eventos corporativos masivos y bodas campestres de gran formato.<\/li>\n\n\n\n<li><strong>Duitama (y el Pueblito Boyacense):<\/strong> Un n\u00facleo industrial y residencial clave donde cubrimos fotograf\u00eda corporativa de alto nivel y eventos sociales en entornos tradicionales.<\/li>\n\n\n\n<li><strong>Sogamoso:<\/strong> Ciudad con un alto movimiento empresarial y comercial, id\u00f3nea para coberturas institucionales, conferencias y fotograf\u00eda industrial de gran formato.<\/li>\n\n\n\n<li><strong>Moniquir\u00e1 y Chiquinquir\u00e1:<\/strong> Sectores tradicionales que ofrecen paisajes verdes hermosos y centros religiosos ic\u00f3nicos, perfectos para eventos sociales que requieren un despliegue log\u00edstico impecable.<\/li>\n<\/ul>\n\n\n\n<h2 class=\"wp-block-heading\">Gesti\u00f3n Digital y Entrega de Proyectos<\/h2>\n\n\n\n<p class=\"wp-block-paragraph\">Sabemos que la seguridad y la inmediatez en la entrega son tan cr\u00edticas como el d\u00eda de la toma de fotos, especialmente para las empresas y familias que eligen a Boyac\u00e1 o Villa de Leyva como el punto central de sus reuniones. Por eso, todos nuestros proyectos se gestionan a trav\u00e9s de nuestro <strong>Portal de Visualizaci\u00f3n Privada<\/strong>.<\/p>\n\n\n\n<p class=\"wp-block-paragraph\">Este sistema exclusivo de Orianthi garantiza que tus archivos en alta resoluci\u00f3n est\u00e9n disponibles para descarga inmediata bajo estrictos par\u00e1metros de seguridad. Olv\u00eddate de enlaces p\u00fablicos lentos que comprimen el color o p\u00e9rdidas de calidad; te ofrecemos una experiencia de entrega fluida, segura y con la privacidad que un cliente de alto nivel exige.<\/p>\n\n\n\n<h2 class=\"wp-block-heading\">\u00bfTienes un evento en mente en Tunja o Boyac\u00e1?<\/h2>\n\n\n\n<p class=\"wp-block-paragraph\">Planear la log\u00edstica de una boda en Villa de Leyva o un evento empresarial en Tunja genera muchas dudas sobre el control de las temperaturas, las mejores horas para aprovechar la luz natural antes de que baje la neblina o el traslado de equipos a zonas campestres. No dejes el registro de tu fecha importante al azar o en manos de la improvisaci\u00f3n.<\/p>\n\n\n\n<p class=\"wp-block-paragraph\">\u00a1Hablemos directamente! Estoy aqu\u00ed para escucharte, resolver cada una de tus inquietudes t\u00e9cnicas y ayudarte a activar la soluci\u00f3n fotogr\u00e1fica exacta que necesitas. Preguntar no tiene ning\u00fan costo y asesorarte es mi compromiso con la excelencia.<\/p>\n\n\n\n<blockquote class=\"wp-block-quote is-layout-flow wp-block-quote-is-layout-flow\">\n<p class=\"wp-block-paragraph\">\ud83d\udcf2 <strong>\u00bfListo para cotizar tu fecha?<\/strong> Da el paso hoy mismo. <strong>[<a href=\"https:\/\/www.orianthi.com.co\/whatsapp\" target=\"_blank\" rel=\"noreferrer noopener\">Haz clic aqu\u00ed para escribirme por WhatsApp<\/a>]<\/strong> o env\u00edame un mensaje directo. Cu\u00e9ntame los detalles de tu proyecto y dise\u00f1emos juntos la cobertura profesional que tu evento necesita.<\/p>\n<\/blockquote>\n\n\n\n<hr class=\"wp-block-separator has-alpha-channel-opacity\"\/>\n","protected":false},"excerpt":{"rendered":"<p>El viento fr\u00edo de la meseta que condiciona las sesiones al aire libre, los cambios clim\u00e1ticos imprevistos que alteran la luz natural y el reto t\u00e9cnico de iluminar estructuras coloniales de techos altos o recintos modernos son desaf\u00edos reales que da\u00f1an el registro de un momento importante en Boyac\u00e1 si se conf\u00eda en personal improvisado. [&hellip;]<\/p>\n","protected":false},"author":1,"featured_media":40,"comment_status":"closed","ping_status":"open","sticky":false,"template":"","format":"standard","meta":{"footnotes":""},"categories":[1],"tags":[],"class_list":["post-39","post","type-post","status-publish","format-standard","has-post-thumbnail","hentry","category-ciudades","has-thumbnail"],"yoast_head":"<!-- This site is optimized with the Yoast SEO plugin v28.2 - https:\/\/yoast.com\/product\/yoast-seo-wordpress\/ -->\n<title>Fot\u00f3grafos en Tunja Boyac\u00e1 | Fotograf\u00eda de Bodas y Eventos<\/title>\n<meta name=\"description\" content=\"\u00bfBuscas fot\u00f3grafos en Tunja? Asegura tu boda o evento. Cobertura profesional de fotograf\u00eda en Santa In\u00e9s, Villa de Leyva y Paipa. \u00a1Cotiza ya!\" \/>\n<meta name=\"robots\" content=\"index, follow, max-snippet:-1, max-image-preview:large, max-video-preview:-1\" \/>\n<link rel=\"canonical\" href=\"https:\/\/orianthime.com\/co\/fotografos-tunja\/\" \/>\n<meta property=\"og:locale\" content=\"es_ES\" \/>\n<meta property=\"og:type\" content=\"article\" \/>\n<meta property=\"og:title\" content=\"Fot\u00f3grafos en Tunja Boyac\u00e1 | Fotograf\u00eda de Bodas y Eventos\" \/>\n<meta property=\"og:description\" content=\"\u00bfBuscas fot\u00f3grafos en Tunja? Asegura tu boda o evento. Cobertura profesional de fotograf\u00eda en Santa In\u00e9s, Villa de Leyva y Paipa. \u00a1Cotiza ya!\" \/>\n<meta property=\"og:url\" content=\"https:\/\/orianthime.com\/co\/fotografos-tunja\/\" \/>\n<meta property=\"og:site_name\" content=\"Fot\u00f3grafos Medell\u00edn, Manizales, Armenia, Pereira y Villavicencio\" \/>\n<meta property=\"article:published_time\" content=\"2026-07-11T00:11:14+00:00\" \/>\n<meta property=\"article:modified_time\" content=\"2026-07-11T00:11:15+00:00\" \/>\n<meta property=\"og:image\" content=\"https:\/\/orianthime.com\/co\/wp-content\/uploads\/2026\/07\/34.jpg\" \/>\n\t<meta property=\"og:image:width\" content=\"1067\" \/>\n\t<meta property=\"og:image:height\" content=\"1600\" \/>\n\t<meta property=\"og:image:type\" content=\"image\/jpeg\" \/>\n<meta name=\"author\" content=\"hola\" \/>\n<meta name=\"twitter:card\" content=\"summary_large_image\" \/>\n<meta name=\"twitter:label1\" content=\"Escrito por\" \/>\n\t<meta name=\"twitter:data1\" content=\"hola\" \/>\n\t<meta name=\"twitter:label2\" content=\"Tiempo de lectura\" \/>\n\t<meta name=\"twitter:data2\" content=\"4 minutos\" \/>\n<script type=\"application\/ld+json\" class=\"yoast-schema-graph\">{\"@context\":\"https:\\\/\\\/schema.org\",\"@graph\":[{\"@type\":\"Article\",\"@id\":\"https:\\\/\\\/orianthime.com\\\/co\\\/fotografos-tunja\\\/#article\",\"isPartOf\":{\"@id\":\"https:\\\/\\\/orianthime.com\\\/co\\\/fotografos-tunja\\\/\"},\"author\":{\"name\":\"hola\",\"@id\":\"https:\\\/\\\/orianthime.com\\\/co\\\/#\\\/schema\\\/person\\\/e6707c2366fa638871e6d3419f0a95e1\"},\"headline\":\"Fot\u00f3grafos en Tunja y Boyac\u00e1: Fotograf\u00eda de Bodas y Eventos\",\"datePublished\":\"2026-07-11T00:11:14+00:00\",\"dateModified\":\"2026-07-11T00:11:15+00:00\",\"mainEntityOfPage\":{\"@id\":\"https:\\\/\\\/orianthime.com\\\/co\\\/fotografos-tunja\\\/\"},\"wordCount\":873,\"image\":{\"@id\":\"https:\\\/\\\/orianthime.com\\\/co\\\/fotografos-tunja\\\/#primaryimage\"},\"thumbnailUrl\":\"https:\\\/\\\/orianthime.com\\\/co\\\/wp-content\\\/uploads\\\/2026\\\/07\\\/34.jpg\",\"articleSection\":[\"ciudades\"],\"inLanguage\":\"es\"},{\"@type\":\"WebPage\",\"@id\":\"https:\\\/\\\/orianthime.com\\\/co\\\/fotografos-tunja\\\/\",\"url\":\"https:\\\/\\\/orianthime.com\\\/co\\\/fotografos-tunja\\\/\",\"name\":\"Fot\u00f3grafos en Tunja Boyac\u00e1 | Fotograf\u00eda de Bodas y Eventos\",\"isPartOf\":{\"@id\":\"https:\\\/\\\/orianthime.com\\\/co\\\/#website\"},\"primaryImageOfPage\":{\"@id\":\"https:\\\/\\\/orianthime.com\\\/co\\\/fotografos-tunja\\\/#primaryimage\"},\"image\":{\"@id\":\"https:\\\/\\\/orianthime.com\\\/co\\\/fotografos-tunja\\\/#primaryimage\"},\"thumbnailUrl\":\"https:\\\/\\\/orianthime.com\\\/co\\\/wp-content\\\/uploads\\\/2026\\\/07\\\/34.jpg\",\"datePublished\":\"2026-07-11T00:11:14+00:00\",\"dateModified\":\"2026-07-11T00:11:15+00:00\",\"author\":{\"@id\":\"https:\\\/\\\/orianthime.com\\\/co\\\/#\\\/schema\\\/person\\\/e6707c2366fa638871e6d3419f0a95e1\"},\"description\":\"\u00bfBuscas fot\u00f3grafos en Tunja? Asegura tu boda o evento. Cobertura profesional de fotograf\u00eda en Santa In\u00e9s, Villa de Leyva y Paipa. \u00a1Cotiza ya!\",\"breadcrumb\":{\"@id\":\"https:\\\/\\\/orianthime.com\\\/co\\\/fotografos-tunja\\\/#breadcrumb\"},\"inLanguage\":\"es\",\"potentialAction\":[{\"@type\":\"ReadAction\",\"target\":[\"https:\\\/\\\/orianthime.com\\\/co\\\/fotografos-tunja\\\/\"]}]},{\"@type\":\"ImageObject\",\"inLanguage\":\"es\",\"@id\":\"https:\\\/\\\/orianthime.com\\\/co\\\/fotografos-tunja\\\/#primaryimage\",\"url\":\"https:\\\/\\\/orianthime.com\\\/co\\\/wp-content\\\/uploads\\\/2026\\\/07\\\/34.jpg\",\"contentUrl\":\"https:\\\/\\\/orianthime.com\\\/co\\\/wp-content\\\/uploads\\\/2026\\\/07\\\/34.jpg\",\"width\":1067,\"height\":1600},{\"@type\":\"BreadcrumbList\",\"@id\":\"https:\\\/\\\/orianthime.com\\\/co\\\/fotografos-tunja\\\/#breadcrumb\",\"itemListElement\":[{\"@type\":\"ListItem\",\"position\":1,\"name\":\"Home\",\"item\":\"https:\\\/\\\/orianthime.com\\\/co\\\/\"},{\"@type\":\"ListItem\",\"position\":2,\"name\":\"Fot\u00f3grafos en Tunja y Boyac\u00e1: Fotograf\u00eda de Bodas y Eventos\"}]},{\"@type\":\"WebSite\",\"@id\":\"https:\\\/\\\/orianthime.com\\\/co\\\/#website\",\"url\":\"https:\\\/\\\/orianthime.com\\\/co\\\/\",\"name\":\"Orianthi\",\"description\":\"Fotograf\u00eda de 15 a\u00f1os, bodas y eventos en Medell\u00edn, Villavicencio, Armenia Y Pereira.\",\"potentialAction\":[{\"@type\":\"SearchAction\",\"target\":{\"@type\":\"EntryPoint\",\"urlTemplate\":\"https:\\\/\\\/orianthime.com\\\/co\\\/?s={search_term_string}\"},\"query-input\":{\"@type\":\"PropertyValueSpecification\",\"valueRequired\":true,\"valueName\":\"search_term_string\"}}],\"inLanguage\":\"es\"},{\"@type\":\"Person\",\"@id\":\"https:\\\/\\\/orianthime.com\\\/co\\\/#\\\/schema\\\/person\\\/e6707c2366fa638871e6d3419f0a95e1\",\"name\":\"hola\",\"image\":{\"@type\":\"ImageObject\",\"inLanguage\":\"es\",\"@id\":\"https:\\\/\\\/secure.gravatar.com\\\/avatar\\\/1cab7a572a4e0d317f78cc4fffbc615c1e592b30efc0723a05139f8c8e113912?s=96&d=mm&r=g\",\"url\":\"https:\\\/\\\/secure.gravatar.com\\\/avatar\\\/1cab7a572a4e0d317f78cc4fffbc615c1e592b30efc0723a05139f8c8e113912?s=96&d=mm&r=g\",\"contentUrl\":\"https:\\\/\\\/secure.gravatar.com\\\/avatar\\\/1cab7a572a4e0d317f78cc4fffbc615c1e592b30efc0723a05139f8c8e113912?s=96&d=mm&r=g\",\"caption\":\"hola\"},\"sameAs\":[\"https:\\\/\\\/orianthime.com\\\/co\"],\"url\":\"https:\\\/\\\/orianthime.com\\\/co\\\/author\\\/hola\\\/\"}]}<\/script>\n<!-- \/ Yoast SEO plugin. -->","yoast_head_json":{"title":"Fot\u00f3grafos en Tunja Boyac\u00e1 | Fotograf\u00eda de Bodas y Eventos","description":"\u00bfBuscas fot\u00f3grafos en Tunja? Asegura tu boda o evento. Cobertura profesional de fotograf\u00eda en Santa In\u00e9s, Villa de Leyva y Paipa. \u00a1Cotiza ya!","robots":{"index":"index","follow":"follow","max-snippet":"max-snippet:-1","max-image-preview":"max-image-preview:large","max-video-preview":"max-video-preview:-1"},"canonical":"https:\/\/orianthime.com\/co\/fotografos-tunja\/","og_locale":"es_ES","og_type":"article","og_title":"Fot\u00f3grafos en Tunja Boyac\u00e1 | Fotograf\u00eda de Bodas y Eventos","og_description":"\u00bfBuscas fot\u00f3grafos en Tunja? Asegura tu boda o evento. Cobertura profesional de fotograf\u00eda en Santa In\u00e9s, Villa de Leyva y Paipa. \u00a1Cotiza ya!","og_url":"https:\/\/orianthime.com\/co\/fotografos-tunja\/","og_site_name":"Fot\u00f3grafos Medell\u00edn, Manizales, Armenia, Pereira y Villavicencio","article_published_time":"2026-07-11T00:11:14+00:00","article_modified_time":"2026-07-11T00:11:15+00:00","og_image":[{"width":1067,"height":1600,"url":"https:\/\/orianthime.com\/co\/wp-content\/uploads\/2026\/07\/34.jpg","type":"image\/jpeg"}],"author":"hola","twitter_card":"summary_large_image","twitter_misc":{"Escrito por":"hola","Tiempo de lectura":"4 minutos"},"schema":{"@context":"https:\/\/schema.org","@graph":[{"@type":"Article","@id":"https:\/\/orianthime.com\/co\/fotografos-tunja\/#article","isPartOf":{"@id":"https:\/\/orianthime.com\/co\/fotografos-tunja\/"},"author":{"name":"hola","@id":"https:\/\/orianthime.com\/co\/#\/schema\/person\/e6707c2366fa638871e6d3419f0a95e1"},"headline":"Fot\u00f3grafos en Tunja y Boyac\u00e1: Fotograf\u00eda de Bodas y Eventos","datePublished":"2026-07-11T00:11:14+00:00","dateModified":"2026-07-11T00:11:15+00:00","mainEntityOfPage":{"@id":"https:\/\/orianthime.com\/co\/fotografos-tunja\/"},"wordCount":873,"image":{"@id":"https:\/\/orianthime.com\/co\/fotografos-tunja\/#primaryimage"},"thumbnailUrl":"https:\/\/orianthime.com\/co\/wp-content\/uploads\/2026\/07\/34.jpg","articleSection":["ciudades"],"inLanguage":"es"},{"@type":"WebPage","@id":"https:\/\/orianthime.com\/co\/fotografos-tunja\/","url":"https:\/\/orianthime.com\/co\/fotografos-tunja\/","name":"Fot\u00f3grafos en Tunja Boyac\u00e1 | Fotograf\u00eda de Bodas y Eventos","isPartOf":{"@id":"https:\/\/orianthime.com\/co\/#website"},"primaryImageOfPage":{"@id":"https:\/\/orianthime.com\/co\/fotografos-tunja\/#primaryimage"},"image":{"@id":"https:\/\/orianthime.com\/co\/fotografos-tunja\/#primaryimage"},"thumbnailUrl":"https:\/\/orianthime.com\/co\/wp-content\/uploads\/2026\/07\/34.jpg","datePublished":"2026-07-11T00:11:14+00:00","dateModified":"2026-07-11T00:11:15+00:00","author":{"@id":"https:\/\/orianthime.com\/co\/#\/schema\/person\/e6707c2366fa638871e6d3419f0a95e1"},"description":"\u00bfBuscas fot\u00f3grafos en Tunja? Asegura tu boda o evento. Cobertura profesional de fotograf\u00eda en Santa In\u00e9s, Villa de Leyva y Paipa. \u00a1Cotiza ya!","breadcrumb":{"@id":"https:\/\/orianthime.com\/co\/fotografos-tunja\/#breadcrumb"},"inLanguage":"es","potentialAction":[{"@type":"ReadAction","target":["https:\/\/orianthime.com\/co\/fotografos-tunja\/"]}]},{"@type":"ImageObject","inLanguage":"es","@id":"https:\/\/orianthime.com\/co\/fotografos-tunja\/#primaryimage","url":"https:\/\/orianthime.com\/co\/wp-content\/uploads\/2026\/07\/34.jpg","contentUrl":"https:\/\/orianthime.com\/co\/wp-content\/uploads\/2026\/07\/34.jpg","width":1067,"height":1600},{"@type":"BreadcrumbList","@id":"https:\/\/orianthime.com\/co\/fotografos-tunja\/#breadcrumb","itemListElement":[{"@type":"ListItem","position":1,"name":"Home","item":"https:\/\/orianthime.com\/co\/"},{"@type":"ListItem","position":2,"name":"Fot\u00f3grafos en Tunja y Boyac\u00e1: Fotograf\u00eda de Bodas y Eventos"}]},{"@type":"WebSite","@id":"https:\/\/orianthime.com\/co\/#website","url":"https:\/\/orianthime.com\/co\/","name":"Orianthi","description":"Fotograf\u00eda de 15 a\u00f1os, bodas y eventos en Medell\u00edn, Villavicencio, Armenia Y Pereira.","potentialAction":[{"@type":"SearchAction","target":{"@type":"EntryPoint","urlTemplate":"https:\/\/orianthime.com\/co\/?s={search_term_string}"},"query-input":{"@type":"PropertyValueSpecification","valueRequired":true,"valueName":"search_term_string"}}],"inLanguage":"es"},{"@type":"Person","@id":"https:\/\/orianthime.com\/co\/#\/schema\/person\/e6707c2366fa638871e6d3419f0a95e1","name":"hola","image":{"@type":"ImageObject","inLanguage":"es","@id":"https:\/\/secure.gravatar.com\/avatar\/1cab7a572a4e0d317f78cc4fffbc615c1e592b30efc0723a05139f8c8e113912?s=96&d=mm&r=g","url":"https:\/\/secure.gravatar.com\/avatar\/1cab7a572a4e0d317f78cc4fffbc615c1e592b30efc0723a05139f8c8e113912?s=96&d=mm&r=g","contentUrl":"https:\/\/secure.gravatar.com\/avatar\/1cab7a572a4e0d317f78cc4fffbc615c1e592b30efc0723a05139f8c8e113912?s=96&d=mm&r=g","caption":"hola"},"sameAs":["https:\/\/orianthime.com\/co"],"url":"https:\/\/orianthime.com\/co\/author\/hola\/"}]}},"_links":{"self":[{"href":"https:\/\/orianthime.com\/co\/wp-json\/wp\/v2\/posts\/39","targetHints":{"allow":["GET"]}}],"collection":[{"href":"https:\/\/orianthime.com\/co\/wp-json\/wp\/v2\/posts"}],"about":[{"href":"https:\/\/orianthime.com\/co\/wp-json\/wp\/v2\/types\/post"}],"author":[{"embeddable":true,"href":"https:\/\/orianthime.com\/co\/wp-json\/wp\/v2\/users\/1"}],"replies":[{"embeddable":true,"href":"https:\/\/orianthime.com\/co\/wp-json\/wp\/v2\/comments?post=39"}],"version-history":[{"count":1,"href":"https:\/\/orianthime.com\/co\/wp-json\/wp\/v2\/posts\/39\/revisions"}],"predecessor-version":[{"id":41,"href":"https:\/\/orianthime.com\/co\/wp-json\/wp\/v2\/posts\/39\/revisions\/41"}],"wp:featuredmedia":[{"embeddable":true,"href":"https:\/\/orianthime.com\/co\/wp-json\/wp\/v2\/media\/40"}],"wp:attachment":[{"href":"https:\/\/orianthime.com\/co\/wp-json\/wp\/v2\/media?parent=39"}],"wp:term":[{"taxonomy":"category","embeddable":true,"href":"https:\/\/orianthime.com\/co\/wp-json\/wp\/v2\/categories?post=39"},{"taxonomy":"post_tag","embeddable":true,"href":"https:\/\/orianthime.com\/co\/wp-json\/wp\/v2\/tags?post=39"}],"curies":[{"name":"wp","href":"https:\/\/api.w.org\/{rel}","templated":true}]}}