{"id":36,"date":"2026-07-10T23:57:28","date_gmt":"2026-07-10T23:57:28","guid":{"rendered":"https:\/\/orianthime.com\/co\/?p=36"},"modified":"2026-07-10T23:57:29","modified_gmt":"2026-07-10T23:57:29","slug":"fotografos-pereira","status":"publish","type":"post","link":"https:\/\/orianthime.com\/co\/fotografos-pereira\/","title":{"rendered":"Fot\u00f3grafos en Pereira y Risaralda: Fotograf\u00eda de Bodas y Eventos"},"content":{"rendered":"\n<p class=\"wp-block-paragraph\">Los cambios clim\u00e1ticos imprevistos en el valle, las demoras log\u00edsticas por la alta congesti\u00f3n en los corredores viales principales y el reto de controlar las luces duras en espacios abiertos son desaf\u00edos reales que da\u00f1an el registro de un momento importante en Risaralda si se conf\u00eda en personal improvisado. Un evento corporativo que sufre retrasos t\u00e9cnicos por problemas de traslados, o una boda campestre donde las capturas pierden nitidez y detalle debido a un mal manejo del sol de la tarde, representan una p\u00e9rdida de dinero y un dolor de cabeza innecesario.<\/p>\n\n\n\n<p class=\"wp-block-paragraph\">En <a href=\"https:\/\/orianthime.com\/co\/\" target=\"_blank\" rel=\"noreferrer noopener\"><strong>Orianthi<\/strong> <\/a>somos la soluci\u00f3n directa a esas frustraciones. Nos enfocamos en ofrecer una cobertura fotogr\u00e1fica profesional impecable, puntual y totalmente adaptada a la geograf\u00eda y din\u00e1micas de Pereira y sus alrededores. No dependemos de la suerte; blindamos visualmente tu inversi\u00f3n para entregar un resultado impecable con est\u00e1ndar internacional.<\/p>\n\n\n\n<h2 class=\"wp-block-heading\">Contrataci\u00f3n de Fot\u00f3grafo: Cobertura Local<\/h2>\n\n\n\n<p class=\"wp-block-paragraph\">Nuestra log\u00edstica profesional est\u00e1 perfectamente estructurada para movernos con agilidad tanto por los sectores residenciales m\u00e1s exclusivos del \u00e1rea urbana como por las haciendas y clubes de la periferia. Si necesitas contratar un fot\u00f3grafo con experiencia real en el terreno, cubrimos estos 10 puntos clave de Pereira y el departamento:<\/p>\n\n\n\n<h3 class=\"wp-block-heading\">Fot\u00f3grafos en Pereira (Sectores Exclusivos y Empresariales)<\/h3>\n\n\n\n<p class=\"wp-block-paragraph\">Operamos directamente en las zonas comerciales, financieras y residenciales de m\u00e1s alto nivel en la capital risaraldense, garantizando puntualidad y equipos de respaldo en:<\/p>\n\n\n\n<ul class=\"wp-block-list\">\n<li><strong>Circunvalar:<\/strong> El coraz\u00f3n comercial, gastron\u00f3mico y residencial de estrato alto en la ciudad. Ideal para fotograf\u00eda de marca personal, lanzamientos de productos y eventos de alto perfil.<\/li>\n\n\n\n<li><strong>\u00c1lamos y Pinares:<\/strong> Sectores tradicionales de alta valorizaci\u00f3n, perfectos para coordinar retratos ejecutivos, fotograf\u00eda corporativa y log\u00edstica de eventos sociales privados.<\/li>\n\n\n\n<li><strong>Maraya y Villa Verde:<\/strong> Zonas con un gran movimiento empresarial y residencial, id\u00f3neas para coberturas institucionales, conferencias y fotograf\u00eda comercial.<\/li>\n\n\n\n<li><strong>Sector de la Terminal y Centro:<\/strong> Puntos clave de alta conectividad donde atendemos eventos corporativos, acad\u00e9micos y gubernamentales en salones principales y hoteles de cadena.<\/li>\n\n\n\n<li><strong>La Julia y Cana\u00e1n:<\/strong> Barrios residenciales exclusivos de la zona oriental de la ciudad, id\u00f3neos para retratos editoriales en exteriores controlados y din\u00e1micos.<\/li>\n<\/ul>\n\n\n\n<h3 class=\"wp-block-heading\">Fot\u00f3grafos en los Sectores Campestres de Pereira y Risaralda<\/h3>\n\n\n\n<p class=\"wp-block-paragraph\">Nos desplazamos con equipos t\u00e9cnicos completos a los escenarios naturales y haciendas de eventos m\u00e1s cotizados del departamento:<\/p>\n\n\n\n<ul class=\"wp-block-list\">\n<li><strong>Cerritos:<\/strong> El corredor campestre m\u00e1s exclusivo e importante de la regi\u00f3n. Repleto de condominios de lujo, hoteles de cadena y clubes de golf, es el escenario predilecto para bodas de destino y eventos corporativos de gran formato.<\/li>\n\n\n\n<li><strong>Combia:<\/strong> Una zona de fincas de descanso y hoteles campestres tradicionales que ofrece paisajes verdes espectaculares y una luz dorada incre\u00edble para sesiones al aire libre.<\/li>\n\n\n\n<li><strong>Dosquebradas:<\/strong> Municipio vecino que cuenta con importantes zonas industriales para fotograf\u00eda corporativa y hermosas locaciones campestres en la serran\u00eda del Alto del Nudo.<\/li>\n\n\n\n<li><strong>Santa Rosa de Cabal:<\/strong> Famoso por su entorno natural y aguas termales, proporciona fondos verdes imponentes y una atm\u00f3sfera m\u00edstica ideal para retratos editoriales \u00fanicos.<\/li>\n\n\n\n<li><strong>La Virginia:<\/strong> Sector plano y c\u00e1lido del valle del r\u00edo Cauca, propicio para eventos sociales y campestres de gran extensi\u00f3n que requieren un despliegue log\u00edstico impecable.<\/li>\n<\/ul>\n\n\n\n<h2 class=\"wp-block-heading\">Gesti\u00f3n Digital y Entrega de Proyectos<\/h2>\n\n\n\n<p class=\"wp-block-paragraph\">Sabemos que la seguridad y la inmediatez en la entrega son tan cr\u00edticas como el d\u00eda de la toma de fotos, especialmente para las empresas y familias que eligen a Pereira como el punto central de sus reuniones en el Eje Cafetero. Por eso, todos nuestros proyectos se gestionan a trav\u00e9s de nuestro <strong>Portal de Visualizaci\u00f3n Privada<\/strong>.<\/p>\n\n\n\n<p class=\"wp-block-paragraph\">Este sistema exclusivo de Orianthi garantiza que tus archivos en alta resoluci\u00f3n est\u00e9n disponibles para descarga inmediata bajo estrictos par\u00e1metros de seguridad. Olv\u00eddate de enlaces p\u00fablicos lentos que comprimen el color o p\u00e9rdidas de calidad; te ofrecemos una experiencia de entrega fluida, segura y con la privacidad que un cliente de alto nivel exige.<\/p>\n\n\n\n<h2 class=\"wp-block-heading\">\u00bfTienes un evento en mente en Pereira o Risaralda?<\/h2>\n\n\n\n<p class=\"wp-block-paragraph\">Planear la log\u00edstica de una boda campestre en Cerritos o un evento empresarial en la Circunvalar genera muchas dudas sobre el control de los tiempos de tr\u00e1fico, las mejores horas para aprovechar la luz natural o el traslado de equipos a zonas campestres. No dejes el registro de tu fecha importante al azar o en manos de la improvisaci\u00f3n.<\/p>\n\n\n\n<p class=\"wp-block-paragraph\">\u00a1Hablemos directamente! Estoy aqu\u00ed para escucharte, resolver cada una de tus inquietudes t\u00e9cnicas y ayudarte a activar la soluci\u00f3n fotogr\u00e1fica exacta que necesitas. Preguntar no tiene ning\u00fan costo y asesorarte es mi compromiso con la excelencia.<\/p>\n\n\n\n<blockquote class=\"wp-block-quote is-layout-flow wp-block-quote-is-layout-flow\">\n<p class=\"wp-block-paragraph\">\ud83d\udcf2 <strong>\u00bfListo para cotizar tu fecha?<\/strong> Da el paso hoy mismo. <strong>[<a href=\"https:\/\/www.orianthi.com.co\/whatsapp\" target=\"_blank\" rel=\"noreferrer noopener\">Haz clic aqu\u00ed para escribirme por WhatsApp<\/a>]<\/strong> o env\u00edame un mensaje directo. Cu\u00e9ntame los detalles de tu proyecto y dise\u00f1emos juntos la cobertura profesional que tu evento necesita.<\/p>\n<\/blockquote>\n\n\n\n<hr class=\"wp-block-separator has-alpha-channel-opacity\"\/>\n","protected":false},"excerpt":{"rendered":"<p>Los cambios clim\u00e1ticos imprevistos en el valle, las demoras log\u00edsticas por la alta congesti\u00f3n en los corredores viales principales y el reto de controlar las luces duras en espacios abiertos son desaf\u00edos reales que da\u00f1an el registro de un momento importante en Risaralda si se conf\u00eda en personal improvisado. Un evento corporativo que sufre retrasos [&hellip;]<\/p>\n","protected":false},"author":1,"featured_media":37,"comment_status":"closed","ping_status":"open","sticky":false,"template":"","format":"standard","meta":{"footnotes":""},"categories":[1],"tags":[],"class_list":["post-36","post","type-post","status-publish","format-standard","has-post-thumbnail","hentry","category-ciudades","has-thumbnail"],"yoast_head":"<!-- This site is optimized with the Yoast SEO plugin v28.2 - https:\/\/yoast.com\/product\/yoast-seo-wordpress\/ -->\n<title>Fot\u00f3grafos en Pereira Risaralda | Fotograf\u00eda de Bodas y Eventos<\/title>\n<meta name=\"description\" content=\"\u00bfBuscas fot\u00f3grafos en Pereira? Asegura tu boda o evento. Cobertura profesional de fotograf\u00eda en Pinares, Circunvalar y Cerritos. \u00a1Cotiza ya!\" \/>\n<meta name=\"robots\" content=\"index, follow, max-snippet:-1, max-image-preview:large, max-video-preview:-1\" \/>\n<link rel=\"canonical\" href=\"https:\/\/orianthime.com\/co\/fotografos-pereira\/\" \/>\n<meta property=\"og:locale\" content=\"es_ES\" \/>\n<meta property=\"og:type\" content=\"article\" \/>\n<meta property=\"og:title\" content=\"Fot\u00f3grafos en Pereira Risaralda | Fotograf\u00eda de Bodas y Eventos\" \/>\n<meta property=\"og:description\" content=\"\u00bfBuscas fot\u00f3grafos en Pereira? Asegura tu boda o evento. Cobertura profesional de fotograf\u00eda en Pinares, Circunvalar y Cerritos. \u00a1Cotiza ya!\" \/>\n<meta property=\"og:url\" content=\"https:\/\/orianthime.com\/co\/fotografos-pereira\/\" \/>\n<meta property=\"og:site_name\" content=\"Fot\u00f3grafos Medell\u00edn, Manizales, Armenia, Pereira y Villavicencio\" \/>\n<meta property=\"article:published_time\" content=\"2026-07-10T23:57:28+00:00\" \/>\n<meta property=\"article:modified_time\" content=\"2026-07-10T23:57:29+00:00\" \/>\n<meta property=\"og:image\" content=\"https:\/\/orianthime.com\/co\/wp-content\/uploads\/2026\/07\/26.jpg\" \/>\n\t<meta property=\"og:image:width\" content=\"1067\" \/>\n\t<meta property=\"og:image:height\" content=\"1600\" \/>\n\t<meta property=\"og:image:type\" content=\"image\/jpeg\" \/>\n<meta name=\"author\" content=\"hola\" \/>\n<meta name=\"twitter:card\" content=\"summary_large_image\" \/>\n<meta name=\"twitter:label1\" content=\"Escrito por\" \/>\n\t<meta name=\"twitter:data1\" content=\"hola\" \/>\n\t<meta name=\"twitter:label2\" content=\"Tiempo de lectura\" \/>\n\t<meta name=\"twitter:data2\" content=\"4 minutos\" \/>\n<script type=\"application\/ld+json\" class=\"yoast-schema-graph\">{\"@context\":\"https:\\\/\\\/schema.org\",\"@graph\":[{\"@type\":\"Article\",\"@id\":\"https:\\\/\\\/orianthime.com\\\/co\\\/fotografos-pereira\\\/#article\",\"isPartOf\":{\"@id\":\"https:\\\/\\\/orianthime.com\\\/co\\\/fotografos-pereira\\\/\"},\"author\":{\"name\":\"hola\",\"@id\":\"https:\\\/\\\/orianthime.com\\\/co\\\/#\\\/schema\\\/person\\\/e6707c2366fa638871e6d3419f0a95e1\"},\"headline\":\"Fot\u00f3grafos en Pereira y Risaralda: Fotograf\u00eda de Bodas y Eventos\",\"datePublished\":\"2026-07-10T23:57:28+00:00\",\"dateModified\":\"2026-07-10T23:57:29+00:00\",\"mainEntityOfPage\":{\"@id\":\"https:\\\/\\\/orianthime.com\\\/co\\\/fotografos-pereira\\\/\"},\"wordCount\":845,\"image\":{\"@id\":\"https:\\\/\\\/orianthime.com\\\/co\\\/fotografos-pereira\\\/#primaryimage\"},\"thumbnailUrl\":\"https:\\\/\\\/orianthime.com\\\/co\\\/wp-content\\\/uploads\\\/2026\\\/07\\\/26.jpg\",\"articleSection\":[\"ciudades\"],\"inLanguage\":\"es\"},{\"@type\":\"WebPage\",\"@id\":\"https:\\\/\\\/orianthime.com\\\/co\\\/fotografos-pereira\\\/\",\"url\":\"https:\\\/\\\/orianthime.com\\\/co\\\/fotografos-pereira\\\/\",\"name\":\"Fot\u00f3grafos en Pereira Risaralda | Fotograf\u00eda de Bodas y Eventos\",\"isPartOf\":{\"@id\":\"https:\\\/\\\/orianthime.com\\\/co\\\/#website\"},\"primaryImageOfPage\":{\"@id\":\"https:\\\/\\\/orianthime.com\\\/co\\\/fotografos-pereira\\\/#primaryimage\"},\"image\":{\"@id\":\"https:\\\/\\\/orianthime.com\\\/co\\\/fotografos-pereira\\\/#primaryimage\"},\"thumbnailUrl\":\"https:\\\/\\\/orianthime.com\\\/co\\\/wp-content\\\/uploads\\\/2026\\\/07\\\/26.jpg\",\"datePublished\":\"2026-07-10T23:57:28+00:00\",\"dateModified\":\"2026-07-10T23:57:29+00:00\",\"author\":{\"@id\":\"https:\\\/\\\/orianthime.com\\\/co\\\/#\\\/schema\\\/person\\\/e6707c2366fa638871e6d3419f0a95e1\"},\"description\":\"\u00bfBuscas fot\u00f3grafos en Pereira? Asegura tu boda o evento. Cobertura profesional de fotograf\u00eda en Pinares, Circunvalar y Cerritos. \u00a1Cotiza ya!\",\"breadcrumb\":{\"@id\":\"https:\\\/\\\/orianthime.com\\\/co\\\/fotografos-pereira\\\/#breadcrumb\"},\"inLanguage\":\"es\",\"potentialAction\":[{\"@type\":\"ReadAction\",\"target\":[\"https:\\\/\\\/orianthime.com\\\/co\\\/fotografos-pereira\\\/\"]}]},{\"@type\":\"ImageObject\",\"inLanguage\":\"es\",\"@id\":\"https:\\\/\\\/orianthime.com\\\/co\\\/fotografos-pereira\\\/#primaryimage\",\"url\":\"https:\\\/\\\/orianthime.com\\\/co\\\/wp-content\\\/uploads\\\/2026\\\/07\\\/26.jpg\",\"contentUrl\":\"https:\\\/\\\/orianthime.com\\\/co\\\/wp-content\\\/uploads\\\/2026\\\/07\\\/26.jpg\",\"width\":1067,\"height\":1600},{\"@type\":\"BreadcrumbList\",\"@id\":\"https:\\\/\\\/orianthime.com\\\/co\\\/fotografos-pereira\\\/#breadcrumb\",\"itemListElement\":[{\"@type\":\"ListItem\",\"position\":1,\"name\":\"Home\",\"item\":\"https:\\\/\\\/orianthime.com\\\/co\\\/\"},{\"@type\":\"ListItem\",\"position\":2,\"name\":\"Fot\u00f3grafos en Pereira y Risaralda: Fotograf\u00eda de Bodas y Eventos\"}]},{\"@type\":\"WebSite\",\"@id\":\"https:\\\/\\\/orianthime.com\\\/co\\\/#website\",\"url\":\"https:\\\/\\\/orianthime.com\\\/co\\\/\",\"name\":\"Orianthi\",\"description\":\"Fotograf\u00eda de 15 a\u00f1os, bodas y eventos en Medell\u00edn, Villavicencio, Armenia Y Pereira.\",\"potentialAction\":[{\"@type\":\"SearchAction\",\"target\":{\"@type\":\"EntryPoint\",\"urlTemplate\":\"https:\\\/\\\/orianthime.com\\\/co\\\/?s={search_term_string}\"},\"query-input\":{\"@type\":\"PropertyValueSpecification\",\"valueRequired\":true,\"valueName\":\"search_term_string\"}}],\"inLanguage\":\"es\"},{\"@type\":\"Person\",\"@id\":\"https:\\\/\\\/orianthime.com\\\/co\\\/#\\\/schema\\\/person\\\/e6707c2366fa638871e6d3419f0a95e1\",\"name\":\"hola\",\"image\":{\"@type\":\"ImageObject\",\"inLanguage\":\"es\",\"@id\":\"https:\\\/\\\/secure.gravatar.com\\\/avatar\\\/1cab7a572a4e0d317f78cc4fffbc615c1e592b30efc0723a05139f8c8e113912?s=96&d=mm&r=g\",\"url\":\"https:\\\/\\\/secure.gravatar.com\\\/avatar\\\/1cab7a572a4e0d317f78cc4fffbc615c1e592b30efc0723a05139f8c8e113912?s=96&d=mm&r=g\",\"contentUrl\":\"https:\\\/\\\/secure.gravatar.com\\\/avatar\\\/1cab7a572a4e0d317f78cc4fffbc615c1e592b30efc0723a05139f8c8e113912?s=96&d=mm&r=g\",\"caption\":\"hola\"},\"sameAs\":[\"https:\\\/\\\/orianthime.com\\\/co\"],\"url\":\"https:\\\/\\\/orianthime.com\\\/co\\\/author\\\/hola\\\/\"}]}<\/script>\n<!-- \/ Yoast SEO plugin. -->","yoast_head_json":{"title":"Fot\u00f3grafos en Pereira Risaralda | Fotograf\u00eda de Bodas y Eventos","description":"\u00bfBuscas fot\u00f3grafos en Pereira? Asegura tu boda o evento. Cobertura profesional de fotograf\u00eda en Pinares, Circunvalar y Cerritos. \u00a1Cotiza ya!","robots":{"index":"index","follow":"follow","max-snippet":"max-snippet:-1","max-image-preview":"max-image-preview:large","max-video-preview":"max-video-preview:-1"},"canonical":"https:\/\/orianthime.com\/co\/fotografos-pereira\/","og_locale":"es_ES","og_type":"article","og_title":"Fot\u00f3grafos en Pereira Risaralda | Fotograf\u00eda de Bodas y Eventos","og_description":"\u00bfBuscas fot\u00f3grafos en Pereira? Asegura tu boda o evento. Cobertura profesional de fotograf\u00eda en Pinares, Circunvalar y Cerritos. \u00a1Cotiza ya!","og_url":"https:\/\/orianthime.com\/co\/fotografos-pereira\/","og_site_name":"Fot\u00f3grafos Medell\u00edn, Manizales, Armenia, Pereira y Villavicencio","article_published_time":"2026-07-10T23:57:28+00:00","article_modified_time":"2026-07-10T23:57:29+00:00","og_image":[{"width":1067,"height":1600,"url":"https:\/\/orianthime.com\/co\/wp-content\/uploads\/2026\/07\/26.jpg","type":"image\/jpeg"}],"author":"hola","twitter_card":"summary_large_image","twitter_misc":{"Escrito por":"hola","Tiempo de lectura":"4 minutos"},"schema":{"@context":"https:\/\/schema.org","@graph":[{"@type":"Article","@id":"https:\/\/orianthime.com\/co\/fotografos-pereira\/#article","isPartOf":{"@id":"https:\/\/orianthime.com\/co\/fotografos-pereira\/"},"author":{"name":"hola","@id":"https:\/\/orianthime.com\/co\/#\/schema\/person\/e6707c2366fa638871e6d3419f0a95e1"},"headline":"Fot\u00f3grafos en Pereira y Risaralda: Fotograf\u00eda de Bodas y Eventos","datePublished":"2026-07-10T23:57:28+00:00","dateModified":"2026-07-10T23:57:29+00:00","mainEntityOfPage":{"@id":"https:\/\/orianthime.com\/co\/fotografos-pereira\/"},"wordCount":845,"image":{"@id":"https:\/\/orianthime.com\/co\/fotografos-pereira\/#primaryimage"},"thumbnailUrl":"https:\/\/orianthime.com\/co\/wp-content\/uploads\/2026\/07\/26.jpg","articleSection":["ciudades"],"inLanguage":"es"},{"@type":"WebPage","@id":"https:\/\/orianthime.com\/co\/fotografos-pereira\/","url":"https:\/\/orianthime.com\/co\/fotografos-pereira\/","name":"Fot\u00f3grafos en Pereira Risaralda | Fotograf\u00eda de Bodas y Eventos","isPartOf":{"@id":"https:\/\/orianthime.com\/co\/#website"},"primaryImageOfPage":{"@id":"https:\/\/orianthime.com\/co\/fotografos-pereira\/#primaryimage"},"image":{"@id":"https:\/\/orianthime.com\/co\/fotografos-pereira\/#primaryimage"},"thumbnailUrl":"https:\/\/orianthime.com\/co\/wp-content\/uploads\/2026\/07\/26.jpg","datePublished":"2026-07-10T23:57:28+00:00","dateModified":"2026-07-10T23:57:29+00:00","author":{"@id":"https:\/\/orianthime.com\/co\/#\/schema\/person\/e6707c2366fa638871e6d3419f0a95e1"},"description":"\u00bfBuscas fot\u00f3grafos en Pereira? Asegura tu boda o evento. Cobertura profesional de fotograf\u00eda en Pinares, Circunvalar y Cerritos. \u00a1Cotiza ya!","breadcrumb":{"@id":"https:\/\/orianthime.com\/co\/fotografos-pereira\/#breadcrumb"},"inLanguage":"es","potentialAction":[{"@type":"ReadAction","target":["https:\/\/orianthime.com\/co\/fotografos-pereira\/"]}]},{"@type":"ImageObject","inLanguage":"es","@id":"https:\/\/orianthime.com\/co\/fotografos-pereira\/#primaryimage","url":"https:\/\/orianthime.com\/co\/wp-content\/uploads\/2026\/07\/26.jpg","contentUrl":"https:\/\/orianthime.com\/co\/wp-content\/uploads\/2026\/07\/26.jpg","width":1067,"height":1600},{"@type":"BreadcrumbList","@id":"https:\/\/orianthime.com\/co\/fotografos-pereira\/#breadcrumb","itemListElement":[{"@type":"ListItem","position":1,"name":"Home","item":"https:\/\/orianthime.com\/co\/"},{"@type":"ListItem","position":2,"name":"Fot\u00f3grafos en Pereira y Risaralda: Fotograf\u00eda de Bodas y Eventos"}]},{"@type":"WebSite","@id":"https:\/\/orianthime.com\/co\/#website","url":"https:\/\/orianthime.com\/co\/","name":"Orianthi","description":"Fotograf\u00eda de 15 a\u00f1os, bodas y eventos en Medell\u00edn, Villavicencio, Armenia Y Pereira.","potentialAction":[{"@type":"SearchAction","target":{"@type":"EntryPoint","urlTemplate":"https:\/\/orianthime.com\/co\/?s={search_term_string}"},"query-input":{"@type":"PropertyValueSpecification","valueRequired":true,"valueName":"search_term_string"}}],"inLanguage":"es"},{"@type":"Person","@id":"https:\/\/orianthime.com\/co\/#\/schema\/person\/e6707c2366fa638871e6d3419f0a95e1","name":"hola","image":{"@type":"ImageObject","inLanguage":"es","@id":"https:\/\/secure.gravatar.com\/avatar\/1cab7a572a4e0d317f78cc4fffbc615c1e592b30efc0723a05139f8c8e113912?s=96&d=mm&r=g","url":"https:\/\/secure.gravatar.com\/avatar\/1cab7a572a4e0d317f78cc4fffbc615c1e592b30efc0723a05139f8c8e113912?s=96&d=mm&r=g","contentUrl":"https:\/\/secure.gravatar.com\/avatar\/1cab7a572a4e0d317f78cc4fffbc615c1e592b30efc0723a05139f8c8e113912?s=96&d=mm&r=g","caption":"hola"},"sameAs":["https:\/\/orianthime.com\/co"],"url":"https:\/\/orianthime.com\/co\/author\/hola\/"}]}},"_links":{"self":[{"href":"https:\/\/orianthime.com\/co\/wp-json\/wp\/v2\/posts\/36","targetHints":{"allow":["GET"]}}],"collection":[{"href":"https:\/\/orianthime.com\/co\/wp-json\/wp\/v2\/posts"}],"about":[{"href":"https:\/\/orianthime.com\/co\/wp-json\/wp\/v2\/types\/post"}],"author":[{"embeddable":true,"href":"https:\/\/orianthime.com\/co\/wp-json\/wp\/v2\/users\/1"}],"replies":[{"embeddable":true,"href":"https:\/\/orianthime.com\/co\/wp-json\/wp\/v2\/comments?post=36"}],"version-history":[{"count":1,"href":"https:\/\/orianthime.com\/co\/wp-json\/wp\/v2\/posts\/36\/revisions"}],"predecessor-version":[{"id":38,"href":"https:\/\/orianthime.com\/co\/wp-json\/wp\/v2\/posts\/36\/revisions\/38"}],"wp:featuredmedia":[{"embeddable":true,"href":"https:\/\/orianthime.com\/co\/wp-json\/wp\/v2\/media\/37"}],"wp:attachment":[{"href":"https:\/\/orianthime.com\/co\/wp-json\/wp\/v2\/media?parent=36"}],"wp:term":[{"taxonomy":"category","embeddable":true,"href":"https:\/\/orianthime.com\/co\/wp-json\/wp\/v2\/categories?post=36"},{"taxonomy":"post_tag","embeddable":true,"href":"https:\/\/orianthime.com\/co\/wp-json\/wp\/v2\/tags?post=36"}],"curies":[{"name":"wp","href":"https:\/\/api.w.org\/{rel}","templated":true}]}}