{"id":33,"date":"2026-07-10T23:33:40","date_gmt":"2026-07-10T23:33:40","guid":{"rendered":"https:\/\/orianthime.com\/co\/?p=33"},"modified":"2026-07-10T23:33:41","modified_gmt":"2026-07-10T23:33:41","slug":"fotografos-manizales","status":"publish","type":"post","link":"https:\/\/orianthime.com\/co\/fotografos-manizales\/","title":{"rendered":"Fot\u00f3grafos en Manizales y Caldas: Fotograf\u00eda de Bodas y Eventos"},"content":{"rendered":"\n<p class=\"wp-block-paragraph\">La neblina densa que reduce la visibilidad y cambia la iluminaci\u00f3n en cuesti\u00f3n de segundos, los traslados lentos por la exigente topograf\u00eda de la ciudad y el fr\u00edo que condiciona los eventos en exteriores son retos reales que arruinan el registro de un momento importante en Caldas si se conf\u00eda en personal improvisado. Un evento empresarial que se queda sin la potencia lum\u00ednica adecuada en un sal\u00f3n cerrado, o una boda campestre donde los retratos salen opacos y sin contraste por un mal manejo t\u00e9cnico del clima de monta\u00f1a, representan una p\u00e9rdida de dinero y un dolor de cabeza innecesario.<\/p>\n\n\n\n<p class=\"wp-block-paragraph\">En<a href=\"https:\/\/orianthime.com\/co\/\" target=\"_blank\" rel=\"noreferrer noopener\"> <strong>Orianthi<\/strong><\/a> somos la soluci\u00f3n directa a esas frustraciones. Nos enfocamos en ofrecer una cobertura fotogr\u00e1fica profesional impecable, puntual y totalmente adaptada a los microclimas y la geograf\u00eda de Manizales. No dependemos de la suerte; blindamos visualmente tu inversi\u00f3n para entregar un resultado impecable con est\u00e1ndar internacional.<\/p>\n\n\n\n<h2 class=\"wp-block-heading\">Contrataci\u00f3n de Fot\u00f3grafo: Cobertura Local y Geolocalizada<\/h2>\n\n\n\n<p class=\"wp-block-paragraph\">Nuestra log\u00edstica profesional est\u00e1 perfectamente estructurada para movernos con agilidad tanto por las exclusivas avenidas de la ciudad como por las haciendas de eventos de las zonas m\u00e1s templadas. Si necesitas contratar un fot\u00f3grafo con experiencia real en el terreno, cubrimos estos 10 puntos clave de Manizales y el departamento:<\/p>\n\n\n\n<h3 class=\"wp-block-heading\">Fot\u00f3grafos en Manizales (Sectores Residenciales y Empresariales)<\/h3>\n\n\n\n<p class=\"wp-block-paragraph\">Operamos directamente en los n\u00facleos comerciales, financieros y de alta valorizaci\u00f3n de la capital, garantizando puntualidad y equipos de soporte en:<\/p>\n\n\n\n<ul class=\"wp-block-list\">\n<li><strong>Mil\u00e1n:<\/strong> El epicentro gastron\u00f3mico y residencial premium de la ciudad. Ideal para fotograf\u00eda de marca personal y coberturas sociales de alto nivel.<\/li>\n\n\n\n<li><strong>Palermo:<\/strong> Un sector tradicional y elegante, perfecto para coordinar retratos ejecutivos, fotograf\u00eda corporativa y log\u00edstica de eventos en sus hoteles y salones.<\/li>\n\n\n\n<li><strong>El Cable y Alta Suiza:<\/strong> Zonas con un gran movimiento empresarial y financiero, id\u00f3neas para coberturas institucionales, conferencias y lanzamientos de marca.<\/li>\n\n\n\n<li><strong>Avenida Santander y Avenida Lindsay:<\/strong> Corredores principales donde atendemos eventos de perfil acad\u00e9mico, corporativo y comercial de forma fluida.<\/li>\n\n\n\n<li><strong>Chipre:<\/strong> Con su arquitectura tradicional y vistas panor\u00e1micas espectaculares, es un punto clave para capturas de exteriores de gran formato aprovechando los atardeceres de la ciudad.<\/li>\n<\/ul>\n\n\n\n<h3 class=\"wp-block-heading\">Fot\u00f3grafos en Zonas Campestres y Municipios de Caldas<\/h3>\n\n\n\n<p class=\"wp-block-paragraph\">Nos desplazamos con equipos t\u00e9cnicos completos a los sectores donde se concentran los clubes de golf y las fincas de eventos m\u00e1s exclusivas:<\/p>\n\n\n\n<ul class=\"wp-block-list\">\n<li><strong>Sant\u00e1gueda (Palestina):<\/strong> El sector campestre y de veraneo por excelencia de las familias de estrato alto de Manizales. Ideal para bodas al aire libre y eventos sociales premium en un clima c\u00e1lido.<\/li>\n\n\n\n<li><strong>Chinchin\u00e1:<\/strong> Un entorno con una tradici\u00f3n cafetera bell\u00edsima, id\u00f3neo para eventos sociales y corporativos en haciendas tradicionales que buscan capturar la identidad de la regi\u00f3n.<\/li>\n\n\n\n<li><strong>Villamar\u00eda:<\/strong> Muy cercano al \u00e1rea urbana de Manizales, ofrece paisajes de monta\u00f1a imponentes y locaciones perfectas para retratos editoriales con luz natural controlada.<\/li>\n\n\n\n<li><strong>Neira:<\/strong> Un municipio colonial que proporciona fondos arquitect\u00f3nicos de madera tradicionales y una luz \u00fanica para producciones fotogr\u00e1ficas con un car\u00e1cter atemporal.<\/li>\n<\/ul>\n\n\n\n<h2 class=\"wp-block-heading\">Gesti\u00f3n Digital y Entrega de Proyectos<\/h2>\n\n\n\n<p class=\"wp-block-paragraph\">Sabemos que la seguridad y la inmediatez en la entrega son tan cr\u00edticas como el d\u00eda de la toma de fotos. Por eso, todos nuestros proyectos se gestionan a trav\u00e9s de nuestro <strong>Portal de Visualizaci\u00f3n Privada<\/strong>.<\/p>\n\n\n\n<p class=\"wp-block-paragraph\">Este sistema exclusivo de Orianthi garantiza que tus archivos en alta resoluci\u00f3n est\u00e9n disponibles para descarga inmediata bajo estrictos par\u00e1metros de seguridad. Olv\u00eddate de enlaces p\u00fablicos lentos que comprimen el color o p\u00e9rdidas de calidad; te ofrecemos una experiencia de entrega fluida, segura y con la privacidad que un cliente premium en la capital caldense exige.<\/p>\n\n\n\n<h2 class=\"wp-block-heading\">\u00bfTienes un evento en mente en Manizales?<\/h2>\n\n\n\n<p class=\"wp-block-paragraph\">Planear la log\u00edstica de una boda o un evento corporativo en Manizales genera muchas dudas sobre el manejo de las luces de respaldo en interiores, los tiempos de desplazamiento entre laderas o c\u00f3mo mitigar el impacto de una tarde nublada. No dejes el registro de tu fecha importante al azar o en manos de la improvisaci\u00f3n.<\/p>\n\n\n\n<p class=\"wp-block-paragraph\">\u00a1Hablemos directamente! Estoy aqu\u00ed para escucharte, resolver cada una de tus inquietudes t\u00e9cnicas y ayudarte a activar la soluci\u00f3n fotogr\u00e1fica exacta que necesitas. Preguntar no tiene ning\u00fan costo y asesorarte es mi compromiso con la excelencia.<\/p>\n\n\n\n<blockquote class=\"wp-block-quote is-layout-flow wp-block-quote-is-layout-flow\">\n<p class=\"wp-block-paragraph\">\ud83d\udcf2 <strong>\u00bfListo para cotizar tu fecha?<\/strong> Da el paso hoy mismo. <strong>[<a href=\"https:\/\/www.orianthi.com.co\/whatsapp\" target=\"_blank\" rel=\"noreferrer noopener\">Haz clic aqu\u00ed para escribirme por WhatsApp<\/a>]<\/strong> o env\u00edame un mensaje directo. Cu\u00e9ntame los detalles de tu proyecto y dise\u00f1emos juntos la cobertura profesional que tu evento necesita.<\/p>\n<\/blockquote>\n\n\n\n<hr class=\"wp-block-separator has-alpha-channel-opacity\"\/>\n","protected":false},"excerpt":{"rendered":"<p>La neblina densa que reduce la visibilidad y cambia la iluminaci\u00f3n en cuesti\u00f3n de segundos, los traslados lentos por la exigente topograf\u00eda de la ciudad y el fr\u00edo que condiciona los eventos en exteriores son retos reales que arruinan el registro de un momento importante en Caldas si se conf\u00eda en personal improvisado. Un evento [&hellip;]<\/p>\n","protected":false},"author":1,"featured_media":34,"comment_status":"open","ping_status":"open","sticky":false,"template":"","format":"standard","meta":{"footnotes":""},"categories":[1],"tags":[],"class_list":["post-33","post","type-post","status-publish","format-standard","has-post-thumbnail","hentry","category-ciudades","has-thumbnail"],"yoast_head":"<!-- This site is optimized with the Yoast SEO plugin v28.2 - https:\/\/yoast.com\/product\/yoast-seo-wordpress\/ -->\n<title>Fot\u00f3grafos en Manizales | Fotograf\u00eda de Bodas y Eventos<\/title>\n<meta name=\"description\" content=\"\u00bfBuscas fot\u00f3grafos en Manizales? Asegura tu boda o evento corporativo. Cobertura profesional de fotograf\u00eda en Mil\u00e1n, Palermo y Sant\u00e1gueda. \u00a1Cotiza ya!\" \/>\n<meta name=\"robots\" content=\"index, follow, max-snippet:-1, max-image-preview:large, max-video-preview:-1\" \/>\n<link rel=\"canonical\" href=\"https:\/\/orianthime.com\/co\/fotografos-manizales\/\" \/>\n<meta property=\"og:locale\" content=\"es_ES\" \/>\n<meta property=\"og:type\" content=\"article\" \/>\n<meta property=\"og:title\" content=\"Fot\u00f3grafos en Manizales | Fotograf\u00eda de Bodas y Eventos\" \/>\n<meta property=\"og:description\" content=\"\u00bfBuscas fot\u00f3grafos en Manizales? Asegura tu boda o evento corporativo. Cobertura profesional de fotograf\u00eda en Mil\u00e1n, Palermo y Sant\u00e1gueda. \u00a1Cotiza ya!\" \/>\n<meta property=\"og:url\" content=\"https:\/\/orianthime.com\/co\/fotografos-manizales\/\" \/>\n<meta property=\"og:site_name\" content=\"Fot\u00f3grafos Medell\u00edn, Manizales, Armenia, Pereira y Villavicencio\" \/>\n<meta property=\"article:published_time\" content=\"2026-07-10T23:33:40+00:00\" \/>\n<meta property=\"article:modified_time\" content=\"2026-07-10T23:33:41+00:00\" \/>\n<meta property=\"og:image\" content=\"https:\/\/orianthime.com\/co\/wp-content\/uploads\/2026\/07\/36.jpg\" \/>\n\t<meta property=\"og:image:width\" content=\"1067\" \/>\n\t<meta property=\"og:image:height\" content=\"1600\" \/>\n\t<meta property=\"og:image:type\" content=\"image\/jpeg\" \/>\n<meta name=\"author\" content=\"hola\" \/>\n<meta name=\"twitter:card\" content=\"summary_large_image\" \/>\n<meta name=\"twitter:label1\" content=\"Escrito por\" \/>\n\t<meta name=\"twitter:data1\" content=\"hola\" \/>\n\t<meta name=\"twitter:label2\" content=\"Tiempo de lectura\" \/>\n\t<meta name=\"twitter:data2\" content=\"4 minutos\" \/>\n<script type=\"application\/ld+json\" class=\"yoast-schema-graph\">{\"@context\":\"https:\\\/\\\/schema.org\",\"@graph\":[{\"@type\":\"Article\",\"@id\":\"https:\\\/\\\/orianthime.com\\\/co\\\/fotografos-manizales\\\/#article\",\"isPartOf\":{\"@id\":\"https:\\\/\\\/orianthime.com\\\/co\\\/fotografos-manizales\\\/\"},\"author\":{\"name\":\"hola\",\"@id\":\"https:\\\/\\\/orianthime.com\\\/co\\\/#\\\/schema\\\/person\\\/e6707c2366fa638871e6d3419f0a95e1\"},\"headline\":\"Fot\u00f3grafos en Manizales y Caldas: Fotograf\u00eda de Bodas y Eventos\",\"datePublished\":\"2026-07-10T23:33:40+00:00\",\"dateModified\":\"2026-07-10T23:33:41+00:00\",\"mainEntityOfPage\":{\"@id\":\"https:\\\/\\\/orianthime.com\\\/co\\\/fotografos-manizales\\\/\"},\"wordCount\":788,\"commentCount\":0,\"image\":{\"@id\":\"https:\\\/\\\/orianthime.com\\\/co\\\/fotografos-manizales\\\/#primaryimage\"},\"thumbnailUrl\":\"https:\\\/\\\/orianthime.com\\\/co\\\/wp-content\\\/uploads\\\/2026\\\/07\\\/36.jpg\",\"articleSection\":[\"ciudades\"],\"inLanguage\":\"es\",\"potentialAction\":[{\"@type\":\"CommentAction\",\"name\":\"Comment\",\"target\":[\"https:\\\/\\\/orianthime.com\\\/co\\\/fotografos-manizales\\\/#respond\"]}]},{\"@type\":\"WebPage\",\"@id\":\"https:\\\/\\\/orianthime.com\\\/co\\\/fotografos-manizales\\\/\",\"url\":\"https:\\\/\\\/orianthime.com\\\/co\\\/fotografos-manizales\\\/\",\"name\":\"Fot\u00f3grafos en Manizales | Fotograf\u00eda de Bodas y Eventos\",\"isPartOf\":{\"@id\":\"https:\\\/\\\/orianthime.com\\\/co\\\/#website\"},\"primaryImageOfPage\":{\"@id\":\"https:\\\/\\\/orianthime.com\\\/co\\\/fotografos-manizales\\\/#primaryimage\"},\"image\":{\"@id\":\"https:\\\/\\\/orianthime.com\\\/co\\\/fotografos-manizales\\\/#primaryimage\"},\"thumbnailUrl\":\"https:\\\/\\\/orianthime.com\\\/co\\\/wp-content\\\/uploads\\\/2026\\\/07\\\/36.jpg\",\"datePublished\":\"2026-07-10T23:33:40+00:00\",\"dateModified\":\"2026-07-10T23:33:41+00:00\",\"author\":{\"@id\":\"https:\\\/\\\/orianthime.com\\\/co\\\/#\\\/schema\\\/person\\\/e6707c2366fa638871e6d3419f0a95e1\"},\"description\":\"\u00bfBuscas fot\u00f3grafos en Manizales? Asegura tu boda o evento corporativo. Cobertura profesional de fotograf\u00eda en Mil\u00e1n, Palermo y Sant\u00e1gueda. \u00a1Cotiza ya!\",\"breadcrumb\":{\"@id\":\"https:\\\/\\\/orianthime.com\\\/co\\\/fotografos-manizales\\\/#breadcrumb\"},\"inLanguage\":\"es\",\"potentialAction\":[{\"@type\":\"ReadAction\",\"target\":[\"https:\\\/\\\/orianthime.com\\\/co\\\/fotografos-manizales\\\/\"]}]},{\"@type\":\"ImageObject\",\"inLanguage\":\"es\",\"@id\":\"https:\\\/\\\/orianthime.com\\\/co\\\/fotografos-manizales\\\/#primaryimage\",\"url\":\"https:\\\/\\\/orianthime.com\\\/co\\\/wp-content\\\/uploads\\\/2026\\\/07\\\/36.jpg\",\"contentUrl\":\"https:\\\/\\\/orianthime.com\\\/co\\\/wp-content\\\/uploads\\\/2026\\\/07\\\/36.jpg\",\"width\":1067,\"height\":1600},{\"@type\":\"BreadcrumbList\",\"@id\":\"https:\\\/\\\/orianthime.com\\\/co\\\/fotografos-manizales\\\/#breadcrumb\",\"itemListElement\":[{\"@type\":\"ListItem\",\"position\":1,\"name\":\"Home\",\"item\":\"https:\\\/\\\/orianthime.com\\\/co\\\/\"},{\"@type\":\"ListItem\",\"position\":2,\"name\":\"Fot\u00f3grafos en Manizales y Caldas: Fotograf\u00eda de Bodas y Eventos\"}]},{\"@type\":\"WebSite\",\"@id\":\"https:\\\/\\\/orianthime.com\\\/co\\\/#website\",\"url\":\"https:\\\/\\\/orianthime.com\\\/co\\\/\",\"name\":\"Orianthi\",\"description\":\"Fotograf\u00eda de 15 a\u00f1os, bodas y eventos en Medell\u00edn, Villavicencio, Armenia Y Pereira.\",\"potentialAction\":[{\"@type\":\"SearchAction\",\"target\":{\"@type\":\"EntryPoint\",\"urlTemplate\":\"https:\\\/\\\/orianthime.com\\\/co\\\/?s={search_term_string}\"},\"query-input\":{\"@type\":\"PropertyValueSpecification\",\"valueRequired\":true,\"valueName\":\"search_term_string\"}}],\"inLanguage\":\"es\"},{\"@type\":\"Person\",\"@id\":\"https:\\\/\\\/orianthime.com\\\/co\\\/#\\\/schema\\\/person\\\/e6707c2366fa638871e6d3419f0a95e1\",\"name\":\"hola\",\"image\":{\"@type\":\"ImageObject\",\"inLanguage\":\"es\",\"@id\":\"https:\\\/\\\/secure.gravatar.com\\\/avatar\\\/1cab7a572a4e0d317f78cc4fffbc615c1e592b30efc0723a05139f8c8e113912?s=96&d=mm&r=g\",\"url\":\"https:\\\/\\\/secure.gravatar.com\\\/avatar\\\/1cab7a572a4e0d317f78cc4fffbc615c1e592b30efc0723a05139f8c8e113912?s=96&d=mm&r=g\",\"contentUrl\":\"https:\\\/\\\/secure.gravatar.com\\\/avatar\\\/1cab7a572a4e0d317f78cc4fffbc615c1e592b30efc0723a05139f8c8e113912?s=96&d=mm&r=g\",\"caption\":\"hola\"},\"sameAs\":[\"https:\\\/\\\/orianthime.com\\\/co\"],\"url\":\"https:\\\/\\\/orianthime.com\\\/co\\\/author\\\/hola\\\/\"}]}<\/script>\n<!-- \/ Yoast SEO plugin. -->","yoast_head_json":{"title":"Fot\u00f3grafos en Manizales | Fotograf\u00eda de Bodas y Eventos","description":"\u00bfBuscas fot\u00f3grafos en Manizales? Asegura tu boda o evento corporativo. Cobertura profesional de fotograf\u00eda en Mil\u00e1n, Palermo y Sant\u00e1gueda. \u00a1Cotiza ya!","robots":{"index":"index","follow":"follow","max-snippet":"max-snippet:-1","max-image-preview":"max-image-preview:large","max-video-preview":"max-video-preview:-1"},"canonical":"https:\/\/orianthime.com\/co\/fotografos-manizales\/","og_locale":"es_ES","og_type":"article","og_title":"Fot\u00f3grafos en Manizales | Fotograf\u00eda de Bodas y Eventos","og_description":"\u00bfBuscas fot\u00f3grafos en Manizales? Asegura tu boda o evento corporativo. Cobertura profesional de fotograf\u00eda en Mil\u00e1n, Palermo y Sant\u00e1gueda. \u00a1Cotiza ya!","og_url":"https:\/\/orianthime.com\/co\/fotografos-manizales\/","og_site_name":"Fot\u00f3grafos Medell\u00edn, Manizales, Armenia, Pereira y Villavicencio","article_published_time":"2026-07-10T23:33:40+00:00","article_modified_time":"2026-07-10T23:33:41+00:00","og_image":[{"width":1067,"height":1600,"url":"https:\/\/orianthime.com\/co\/wp-content\/uploads\/2026\/07\/36.jpg","type":"image\/jpeg"}],"author":"hola","twitter_card":"summary_large_image","twitter_misc":{"Escrito por":"hola","Tiempo de lectura":"4 minutos"},"schema":{"@context":"https:\/\/schema.org","@graph":[{"@type":"Article","@id":"https:\/\/orianthime.com\/co\/fotografos-manizales\/#article","isPartOf":{"@id":"https:\/\/orianthime.com\/co\/fotografos-manizales\/"},"author":{"name":"hola","@id":"https:\/\/orianthime.com\/co\/#\/schema\/person\/e6707c2366fa638871e6d3419f0a95e1"},"headline":"Fot\u00f3grafos en Manizales y Caldas: Fotograf\u00eda de Bodas y Eventos","datePublished":"2026-07-10T23:33:40+00:00","dateModified":"2026-07-10T23:33:41+00:00","mainEntityOfPage":{"@id":"https:\/\/orianthime.com\/co\/fotografos-manizales\/"},"wordCount":788,"commentCount":0,"image":{"@id":"https:\/\/orianthime.com\/co\/fotografos-manizales\/#primaryimage"},"thumbnailUrl":"https:\/\/orianthime.com\/co\/wp-content\/uploads\/2026\/07\/36.jpg","articleSection":["ciudades"],"inLanguage":"es","potentialAction":[{"@type":"CommentAction","name":"Comment","target":["https:\/\/orianthime.com\/co\/fotografos-manizales\/#respond"]}]},{"@type":"WebPage","@id":"https:\/\/orianthime.com\/co\/fotografos-manizales\/","url":"https:\/\/orianthime.com\/co\/fotografos-manizales\/","name":"Fot\u00f3grafos en Manizales | Fotograf\u00eda de Bodas y Eventos","isPartOf":{"@id":"https:\/\/orianthime.com\/co\/#website"},"primaryImageOfPage":{"@id":"https:\/\/orianthime.com\/co\/fotografos-manizales\/#primaryimage"},"image":{"@id":"https:\/\/orianthime.com\/co\/fotografos-manizales\/#primaryimage"},"thumbnailUrl":"https:\/\/orianthime.com\/co\/wp-content\/uploads\/2026\/07\/36.jpg","datePublished":"2026-07-10T23:33:40+00:00","dateModified":"2026-07-10T23:33:41+00:00","author":{"@id":"https:\/\/orianthime.com\/co\/#\/schema\/person\/e6707c2366fa638871e6d3419f0a95e1"},"description":"\u00bfBuscas fot\u00f3grafos en Manizales? Asegura tu boda o evento corporativo. Cobertura profesional de fotograf\u00eda en Mil\u00e1n, Palermo y Sant\u00e1gueda. \u00a1Cotiza ya!","breadcrumb":{"@id":"https:\/\/orianthime.com\/co\/fotografos-manizales\/#breadcrumb"},"inLanguage":"es","potentialAction":[{"@type":"ReadAction","target":["https:\/\/orianthime.com\/co\/fotografos-manizales\/"]}]},{"@type":"ImageObject","inLanguage":"es","@id":"https:\/\/orianthime.com\/co\/fotografos-manizales\/#primaryimage","url":"https:\/\/orianthime.com\/co\/wp-content\/uploads\/2026\/07\/36.jpg","contentUrl":"https:\/\/orianthime.com\/co\/wp-content\/uploads\/2026\/07\/36.jpg","width":1067,"height":1600},{"@type":"BreadcrumbList","@id":"https:\/\/orianthime.com\/co\/fotografos-manizales\/#breadcrumb","itemListElement":[{"@type":"ListItem","position":1,"name":"Home","item":"https:\/\/orianthime.com\/co\/"},{"@type":"ListItem","position":2,"name":"Fot\u00f3grafos en Manizales y Caldas: Fotograf\u00eda de Bodas y Eventos"}]},{"@type":"WebSite","@id":"https:\/\/orianthime.com\/co\/#website","url":"https:\/\/orianthime.com\/co\/","name":"Orianthi","description":"Fotograf\u00eda de 15 a\u00f1os, bodas y eventos en Medell\u00edn, Villavicencio, Armenia Y Pereira.","potentialAction":[{"@type":"SearchAction","target":{"@type":"EntryPoint","urlTemplate":"https:\/\/orianthime.com\/co\/?s={search_term_string}"},"query-input":{"@type":"PropertyValueSpecification","valueRequired":true,"valueName":"search_term_string"}}],"inLanguage":"es"},{"@type":"Person","@id":"https:\/\/orianthime.com\/co\/#\/schema\/person\/e6707c2366fa638871e6d3419f0a95e1","name":"hola","image":{"@type":"ImageObject","inLanguage":"es","@id":"https:\/\/secure.gravatar.com\/avatar\/1cab7a572a4e0d317f78cc4fffbc615c1e592b30efc0723a05139f8c8e113912?s=96&d=mm&r=g","url":"https:\/\/secure.gravatar.com\/avatar\/1cab7a572a4e0d317f78cc4fffbc615c1e592b30efc0723a05139f8c8e113912?s=96&d=mm&r=g","contentUrl":"https:\/\/secure.gravatar.com\/avatar\/1cab7a572a4e0d317f78cc4fffbc615c1e592b30efc0723a05139f8c8e113912?s=96&d=mm&r=g","caption":"hola"},"sameAs":["https:\/\/orianthime.com\/co"],"url":"https:\/\/orianthime.com\/co\/author\/hola\/"}]}},"_links":{"self":[{"href":"https:\/\/orianthime.com\/co\/wp-json\/wp\/v2\/posts\/33","targetHints":{"allow":["GET"]}}],"collection":[{"href":"https:\/\/orianthime.com\/co\/wp-json\/wp\/v2\/posts"}],"about":[{"href":"https:\/\/orianthime.com\/co\/wp-json\/wp\/v2\/types\/post"}],"author":[{"embeddable":true,"href":"https:\/\/orianthime.com\/co\/wp-json\/wp\/v2\/users\/1"}],"replies":[{"embeddable":true,"href":"https:\/\/orianthime.com\/co\/wp-json\/wp\/v2\/comments?post=33"}],"version-history":[{"count":1,"href":"https:\/\/orianthime.com\/co\/wp-json\/wp\/v2\/posts\/33\/revisions"}],"predecessor-version":[{"id":35,"href":"https:\/\/orianthime.com\/co\/wp-json\/wp\/v2\/posts\/33\/revisions\/35"}],"wp:featuredmedia":[{"embeddable":true,"href":"https:\/\/orianthime.com\/co\/wp-json\/wp\/v2\/media\/34"}],"wp:attachment":[{"href":"https:\/\/orianthime.com\/co\/wp-json\/wp\/v2\/media?parent=33"}],"wp:term":[{"taxonomy":"category","embeddable":true,"href":"https:\/\/orianthime.com\/co\/wp-json\/wp\/v2\/categories?post=33"},{"taxonomy":"post_tag","embeddable":true,"href":"https:\/\/orianthime.com\/co\/wp-json\/wp\/v2\/tags?post=33"}],"curies":[{"name":"wp","href":"https:\/\/api.w.org\/{rel}","templated":true}]}}