{"id":30,"date":"2026-07-10T23:16:10","date_gmt":"2026-07-10T23:16:10","guid":{"rendered":"https:\/\/orianthime.com\/co\/?p=30"},"modified":"2026-07-10T23:16:10","modified_gmt":"2026-07-10T23:16:10","slug":"fotografos-armenia","status":"publish","type":"post","link":"https:\/\/orianthime.com\/co\/fotografos-armenia\/","title":{"rendered":"Fot\u00f3grafos en Armenia y el Quind\u00edo: Fotograf\u00eda de Bodas y Eventos"},"content":{"rendered":"\n<p class=\"wp-block-paragraph\">Los cambios clim\u00e1ticos s\u00fabitos del Eje Cafetero, los terrenos irregulares que dificultan la estabilizaci\u00f3n de los equipos de iluminaci\u00f3n y la luz del sol que se filtra con dureza en espacios abiertos son retos reales que da\u00f1an el registro de un momento importante en el Quind\u00edo si se conf\u00eda en personal improvisado. Un evento corporativo que se retrasa por la compleja log\u00edstica vial de la regi\u00f3n, o una boda campestre donde los retratos salen con sombras marcadas en los rostros por un mal manejo del sol de la tarde, representan una p\u00e9rdida de dinero y un dolor de cabeza innecesario.<\/p>\n\n\n\n<p class=\"wp-block-paragraph\">En <a href=\"https:\/\/orianthime.com\/co\/\" target=\"_blank\" rel=\"noreferrer noopener\"><strong>Orianthi<\/strong> <\/a>somos la soluci\u00f3n directa a esas frustraciones. Nos enfocamos en ofrecer una cobertura fotogr\u00e1fica profesional impecable, puntual y totalmente adaptada a la geograf\u00eda y microclimas de Armenia y sus alrededores. No dependemos de la suerte; blindamos visualmente tu inversi\u00f3n para entregar un resultado impecable con est\u00e1ndar internacional.<\/p>\n\n\n\n<h2 class=\"wp-block-heading\">Contrataci\u00f3n de Fot\u00f3grafo: Cobertura Local y Geolocalizada<\/h2>\n\n\n\n<p class=\"wp-block-paragraph\">Nuestra log\u00edstica profesional est\u00e1 perfectamente estructurada para movernos con agilidad tanto por los sectores residenciales m\u00e1s exclusivos del norte de la ciudad como por las haciendas y hoteles de la periferia. Si necesitas contratar un fot\u00f3grafo con experiencia real en el terreno, cubrimos estos 10 puntos clave de Armenia y el departamento:<\/p>\n\n\n\n<h3 class=\"wp-block-heading\">Fot\u00f3grafos en Armenia (Sectores Exclusivos del Norte y Centro)<\/h3>\n\n\n\n<p class=\"wp-block-paragraph\">Operamos directamente en las zonas comerciales, financieras y residenciales de m\u00e1s alto nivel en la capital del Quind\u00edo, garantizando puntualidad y equipos de respaldo en:<\/p>\n\n\n\n<ul class=\"wp-block-list\">\n<li><strong>Avenida Centenario:<\/strong> Una de las zonas de mayor valorizaci\u00f3n y elegancia, ideal para sesiones con fondos que combinan la arquitectura moderna y la vista directa a la cordillera.<\/li>\n\n\n\n<li><strong>La Castellana y Coinca:<\/strong> Barrios tradicionales y de estrato alto, perfectos para coordinar sesiones de marca personal, retratos ejecutivos y coberturas sociales privadas.<\/li>\n\n\n\n<li><strong>El Gal\u00e1n y Nueva Cecilia:<\/strong> Sectores de alta din\u00e1mica empresarial y m\u00e9dica, ideales para coberturas de eventos institucionales, conferencias y fotograf\u00eda corporativa.<\/li>\n\n\n\n<li><strong>La Fogata y Sector de Oro Negro:<\/strong> Zonas de alta oferta gastron\u00f3mica y hotelera, donde cubrimos eventos de alto perfil y recepciones boutique.<\/li>\n\n\n\n<li><strong>La Florida y Los Profesionales:<\/strong> Puntos residenciales exclusivos en las salidas del norte de la ciudad, id\u00f3neos para retratos editoriales en exteriores controlados.<\/li>\n<\/ul>\n\n\n\n<h3 class=\"wp-block-heading\">Fot\u00f3grafos en los Municipios Tur\u00edsticos y Campestres del Quind\u00edo<\/h3>\n\n\n\n<p class=\"wp-block-paragraph\">Nos desplazamos con equipos t\u00e9cnicos completos a los escenarios naturales y haciendas m\u00e1s cotizados para eventos de destino:<\/p>\n\n\n\n<ul class=\"wp-block-list\">\n<li><strong>Circasia:<\/strong> Muy cerca del norte de Armenia, un sector repleto de condominios y fincas de descanso de \u00e9lite, ideal para coberturas de bodas campestres con amplias zonas verdes.<\/li>\n\n\n\n<li><strong>Salento:<\/strong> El destino ic\u00f3nico de la regi\u00f3n. Aprovechamos la arquitectura tradicional del pueblo y los imponentes paisajes del Valle de Cocora para lograr capturas art\u00edsticas de gran formato.<\/li>\n\n\n\n<li><strong>Filandia:<\/strong> Con un encanto colonial impecable y una luz dorada espectacular al final del d\u00eda, es el punto predilecto para retratos editoriales al aire libre y fotograf\u00eda social sofisticada.<\/li>\n\n\n\n<li><strong>Calarc\u00e1 y El Caimo:<\/strong> Corredores campestres exclusivos que concentran importantes hoteles boutique, clubes y haciendas de eventos de primer nivel.<\/li>\n\n\n\n<li><strong>Montenegro y Quimbaya:<\/strong> Sectores hoteleros masivos y fincas de gran extensi\u00f3n, ideales para eventos corporativos e institucionales que requieren un despliegue log\u00edstico impecable.<\/li>\n<\/ul>\n\n\n\n<h2 class=\"wp-block-heading\">Gesti\u00f3n Digital y Entrega de Proyectos<\/h2>\n\n\n\n<p class=\"wp-block-paragraph\">Sabemos que la seguridad y la inmediatez en la entrega son tan cr\u00edticas como el d\u00eda de la toma de fotos, especialmente para quienes eligen el Quind\u00edo como destino para sus eventos y viajan desde otras partes del pa\u00eds. Por eso, todos nuestros proyectos se gestionan a trav\u00e9s de nuestro <strong>Portal de Visualizaci\u00f3n Privada<\/strong>.<\/p>\n\n\n\n<p class=\"wp-block-paragraph\">Este sistema exclusivo de Orianthi garantiza que tus archivos en alta resoluci\u00f3n est\u00e9n disponibles para descarga inmediata bajo estrictos par\u00e1metros de seguridad. Olv\u00eddate de enlaces p\u00fablicos lentos que arruinan el color o p\u00e9rdidas de calidad; te ofrecemos una experiencia de entrega fluida, segura y con la privacidad que un cliente de alto nivel exige.<\/p>\n\n\n\n<h2 class=\"wp-block-heading\">\u00bfTienes un evento en mente en Armenia o el Quind\u00edo?<\/h2>\n\n\n\n<p class=\"wp-block-paragraph\">Planear la log\u00edstica de una boda campestre o un evento empresarial en el Eje Cafetero genera muchas dudas sobre el control de las lluvias imprevistas, los mejores horarios para aprovechar la luz de la cordillera o el traslado de equipos a zonas rurales. No dejes el registro de tu fecha importante al azar o en manos de la improvisaci\u00f3n.<\/p>\n\n\n\n<p class=\"wp-block-paragraph\">\u00a1Hablemos directamente! Estoy aqu\u00ed para escucharte, resolver cada una de tus inquietudes t\u00e9cnicas y ayudarte a activar la soluci\u00f3n fotogr\u00e1fica exacta que necesitas. Preguntar no tiene ning\u00fan costo y asesorarte es mi compromiso con la excelencia.<\/p>\n\n\n\n<blockquote class=\"wp-block-quote is-layout-flow wp-block-quote-is-layout-flow\">\n<p class=\"wp-block-paragraph\">\ud83d\udcf2 <strong>\u00bfListo para cotizar tu fecha?<\/strong> Da el paso hoy mismo. <strong>[<a href=\"https:\/\/www.orianthi.com.co\/whatsapp\" target=\"_blank\" rel=\"noreferrer noopener\">Haz clic aqu\u00ed para escribirme por WhatsApp<\/a>]<\/strong> o env\u00edame un mensaje directo. Cu\u00e9ntame los detalles de tu proyecto y dise\u00f1emos juntos la cobertura profesional que tu evento necesita.<\/p>\n<\/blockquote>\n\n\n\n<hr class=\"wp-block-separator has-alpha-channel-opacity\"\/>\n\n\n\n<p class=\"wp-block-paragraph\"><\/p>\n","protected":false},"excerpt":{"rendered":"<p>Los cambios clim\u00e1ticos s\u00fabitos del Eje Cafetero, los terrenos irregulares que dificultan la estabilizaci\u00f3n de los equipos de iluminaci\u00f3n y la luz del sol que se filtra con dureza en espacios abiertos son retos reales que da\u00f1an el registro de un momento importante en el Quind\u00edo si se conf\u00eda en personal improvisado. Un evento corporativo [&hellip;]<\/p>\n","protected":false},"author":1,"featured_media":31,"comment_status":"closed","ping_status":"open","sticky":false,"template":"","format":"standard","meta":{"footnotes":""},"categories":[1],"tags":[],"class_list":["post-30","post","type-post","status-publish","format-standard","has-post-thumbnail","hentry","category-ciudades","has-thumbnail"],"yoast_head":"<!-- This site is optimized with the Yoast SEO plugin v28.2 - https:\/\/yoast.com\/product\/yoast-seo-wordpress\/ -->\n<title>Fot\u00f3grafos en Armenia Quind\u00edo | Fotograf\u00eda de Bodas y Eventos<\/title>\n<meta name=\"description\" content=\"\u00bfBuscas fot\u00f3grafos en Armenia? Asegura tu boda o evento corporativo. Cobertura profesional en La Castellana, Centenario, Circasia y Salento. \u00a1Cotiza ya!\" \/>\n<meta name=\"robots\" content=\"index, follow, max-snippet:-1, max-image-preview:large, max-video-preview:-1\" \/>\n<link rel=\"canonical\" href=\"https:\/\/orianthime.com\/co\/fotografos-armenia\/\" \/>\n<meta property=\"og:locale\" content=\"es_ES\" \/>\n<meta property=\"og:type\" content=\"article\" \/>\n<meta property=\"og:title\" content=\"Fot\u00f3grafos en Armenia Quind\u00edo | Fotograf\u00eda de Bodas y Eventos\" \/>\n<meta property=\"og:description\" content=\"\u00bfBuscas fot\u00f3grafos en Armenia? Asegura tu boda o evento corporativo. Cobertura profesional en La Castellana, Centenario, Circasia y Salento. \u00a1Cotiza ya!\" \/>\n<meta property=\"og:url\" content=\"https:\/\/orianthime.com\/co\/fotografos-armenia\/\" \/>\n<meta property=\"og:site_name\" content=\"Fot\u00f3grafos Medell\u00edn, Manizales, Armenia, Pereira y Villavicencio\" \/>\n<meta property=\"article:published_time\" content=\"2026-07-10T23:16:10+00:00\" \/>\n<meta property=\"og:image\" content=\"https:\/\/orianthime.com\/co\/wp-content\/uploads\/2026\/07\/125.jpg\" \/>\n\t<meta property=\"og:image:width\" content=\"1440\" \/>\n\t<meta property=\"og:image:height\" content=\"1800\" \/>\n\t<meta property=\"og:image:type\" content=\"image\/jpeg\" \/>\n<meta name=\"author\" content=\"hola\" \/>\n<meta name=\"twitter:card\" content=\"summary_large_image\" \/>\n<meta name=\"twitter:label1\" content=\"Escrito por\" \/>\n\t<meta name=\"twitter:data1\" content=\"hola\" \/>\n\t<meta name=\"twitter:label2\" content=\"Tiempo de lectura\" \/>\n\t<meta name=\"twitter:data2\" content=\"4 minutos\" \/>\n<script type=\"application\/ld+json\" class=\"yoast-schema-graph\">{\"@context\":\"https:\\\/\\\/schema.org\",\"@graph\":[{\"@type\":\"Article\",\"@id\":\"https:\\\/\\\/orianthime.com\\\/co\\\/fotografos-armenia\\\/#article\",\"isPartOf\":{\"@id\":\"https:\\\/\\\/orianthime.com\\\/co\\\/fotografos-armenia\\\/\"},\"author\":{\"name\":\"hola\",\"@id\":\"https:\\\/\\\/orianthime.com\\\/co\\\/#\\\/schema\\\/person\\\/e6707c2366fa638871e6d3419f0a95e1\"},\"headline\":\"Fot\u00f3grafos en Armenia y el Quind\u00edo: Fotograf\u00eda de Bodas y Eventos\",\"datePublished\":\"2026-07-10T23:16:10+00:00\",\"mainEntityOfPage\":{\"@id\":\"https:\\\/\\\/orianthime.com\\\/co\\\/fotografos-armenia\\\/\"},\"wordCount\":851,\"image\":{\"@id\":\"https:\\\/\\\/orianthime.com\\\/co\\\/fotografos-armenia\\\/#primaryimage\"},\"thumbnailUrl\":\"https:\\\/\\\/orianthime.com\\\/co\\\/wp-content\\\/uploads\\\/2026\\\/07\\\/125.jpg\",\"articleSection\":[\"ciudades\"],\"inLanguage\":\"es\"},{\"@type\":\"WebPage\",\"@id\":\"https:\\\/\\\/orianthime.com\\\/co\\\/fotografos-armenia\\\/\",\"url\":\"https:\\\/\\\/orianthime.com\\\/co\\\/fotografos-armenia\\\/\",\"name\":\"Fot\u00f3grafos en Armenia Quind\u00edo | Fotograf\u00eda de Bodas y Eventos\",\"isPartOf\":{\"@id\":\"https:\\\/\\\/orianthime.com\\\/co\\\/#website\"},\"primaryImageOfPage\":{\"@id\":\"https:\\\/\\\/orianthime.com\\\/co\\\/fotografos-armenia\\\/#primaryimage\"},\"image\":{\"@id\":\"https:\\\/\\\/orianthime.com\\\/co\\\/fotografos-armenia\\\/#primaryimage\"},\"thumbnailUrl\":\"https:\\\/\\\/orianthime.com\\\/co\\\/wp-content\\\/uploads\\\/2026\\\/07\\\/125.jpg\",\"datePublished\":\"2026-07-10T23:16:10+00:00\",\"author\":{\"@id\":\"https:\\\/\\\/orianthime.com\\\/co\\\/#\\\/schema\\\/person\\\/e6707c2366fa638871e6d3419f0a95e1\"},\"description\":\"\u00bfBuscas fot\u00f3grafos en Armenia? Asegura tu boda o evento corporativo. Cobertura profesional en La Castellana, Centenario, Circasia y Salento. \u00a1Cotiza ya!\",\"breadcrumb\":{\"@id\":\"https:\\\/\\\/orianthime.com\\\/co\\\/fotografos-armenia\\\/#breadcrumb\"},\"inLanguage\":\"es\",\"potentialAction\":[{\"@type\":\"ReadAction\",\"target\":[\"https:\\\/\\\/orianthime.com\\\/co\\\/fotografos-armenia\\\/\"]}]},{\"@type\":\"ImageObject\",\"inLanguage\":\"es\",\"@id\":\"https:\\\/\\\/orianthime.com\\\/co\\\/fotografos-armenia\\\/#primaryimage\",\"url\":\"https:\\\/\\\/orianthime.com\\\/co\\\/wp-content\\\/uploads\\\/2026\\\/07\\\/125.jpg\",\"contentUrl\":\"https:\\\/\\\/orianthime.com\\\/co\\\/wp-content\\\/uploads\\\/2026\\\/07\\\/125.jpg\",\"width\":1440,\"height\":1800},{\"@type\":\"BreadcrumbList\",\"@id\":\"https:\\\/\\\/orianthime.com\\\/co\\\/fotografos-armenia\\\/#breadcrumb\",\"itemListElement\":[{\"@type\":\"ListItem\",\"position\":1,\"name\":\"Home\",\"item\":\"https:\\\/\\\/orianthime.com\\\/co\\\/\"},{\"@type\":\"ListItem\",\"position\":2,\"name\":\"Fot\u00f3grafos en Armenia y el Quind\u00edo: Fotograf\u00eda de Bodas y Eventos\"}]},{\"@type\":\"WebSite\",\"@id\":\"https:\\\/\\\/orianthime.com\\\/co\\\/#website\",\"url\":\"https:\\\/\\\/orianthime.com\\\/co\\\/\",\"name\":\"Orianthi\",\"description\":\"Fotograf\u00eda de 15 a\u00f1os, bodas y eventos en Medell\u00edn, Villavicencio, Armenia Y Pereira.\",\"potentialAction\":[{\"@type\":\"SearchAction\",\"target\":{\"@type\":\"EntryPoint\",\"urlTemplate\":\"https:\\\/\\\/orianthime.com\\\/co\\\/?s={search_term_string}\"},\"query-input\":{\"@type\":\"PropertyValueSpecification\",\"valueRequired\":true,\"valueName\":\"search_term_string\"}}],\"inLanguage\":\"es\"},{\"@type\":\"Person\",\"@id\":\"https:\\\/\\\/orianthime.com\\\/co\\\/#\\\/schema\\\/person\\\/e6707c2366fa638871e6d3419f0a95e1\",\"name\":\"hola\",\"image\":{\"@type\":\"ImageObject\",\"inLanguage\":\"es\",\"@id\":\"https:\\\/\\\/secure.gravatar.com\\\/avatar\\\/1cab7a572a4e0d317f78cc4fffbc615c1e592b30efc0723a05139f8c8e113912?s=96&d=mm&r=g\",\"url\":\"https:\\\/\\\/secure.gravatar.com\\\/avatar\\\/1cab7a572a4e0d317f78cc4fffbc615c1e592b30efc0723a05139f8c8e113912?s=96&d=mm&r=g\",\"contentUrl\":\"https:\\\/\\\/secure.gravatar.com\\\/avatar\\\/1cab7a572a4e0d317f78cc4fffbc615c1e592b30efc0723a05139f8c8e113912?s=96&d=mm&r=g\",\"caption\":\"hola\"},\"sameAs\":[\"https:\\\/\\\/orianthime.com\\\/co\"],\"url\":\"https:\\\/\\\/orianthime.com\\\/co\\\/author\\\/hola\\\/\"}]}<\/script>\n<!-- \/ Yoast SEO plugin. -->","yoast_head_json":{"title":"Fot\u00f3grafos en Armenia Quind\u00edo | Fotograf\u00eda de Bodas y Eventos","description":"\u00bfBuscas fot\u00f3grafos en Armenia? Asegura tu boda o evento corporativo. Cobertura profesional en La Castellana, Centenario, Circasia y Salento. \u00a1Cotiza ya!","robots":{"index":"index","follow":"follow","max-snippet":"max-snippet:-1","max-image-preview":"max-image-preview:large","max-video-preview":"max-video-preview:-1"},"canonical":"https:\/\/orianthime.com\/co\/fotografos-armenia\/","og_locale":"es_ES","og_type":"article","og_title":"Fot\u00f3grafos en Armenia Quind\u00edo | Fotograf\u00eda de Bodas y Eventos","og_description":"\u00bfBuscas fot\u00f3grafos en Armenia? Asegura tu boda o evento corporativo. Cobertura profesional en La Castellana, Centenario, Circasia y Salento. \u00a1Cotiza ya!","og_url":"https:\/\/orianthime.com\/co\/fotografos-armenia\/","og_site_name":"Fot\u00f3grafos Medell\u00edn, Manizales, Armenia, Pereira y Villavicencio","article_published_time":"2026-07-10T23:16:10+00:00","og_image":[{"width":1440,"height":1800,"url":"https:\/\/orianthime.com\/co\/wp-content\/uploads\/2026\/07\/125.jpg","type":"image\/jpeg"}],"author":"hola","twitter_card":"summary_large_image","twitter_misc":{"Escrito por":"hola","Tiempo de lectura":"4 minutos"},"schema":{"@context":"https:\/\/schema.org","@graph":[{"@type":"Article","@id":"https:\/\/orianthime.com\/co\/fotografos-armenia\/#article","isPartOf":{"@id":"https:\/\/orianthime.com\/co\/fotografos-armenia\/"},"author":{"name":"hola","@id":"https:\/\/orianthime.com\/co\/#\/schema\/person\/e6707c2366fa638871e6d3419f0a95e1"},"headline":"Fot\u00f3grafos en Armenia y el Quind\u00edo: Fotograf\u00eda de Bodas y Eventos","datePublished":"2026-07-10T23:16:10+00:00","mainEntityOfPage":{"@id":"https:\/\/orianthime.com\/co\/fotografos-armenia\/"},"wordCount":851,"image":{"@id":"https:\/\/orianthime.com\/co\/fotografos-armenia\/#primaryimage"},"thumbnailUrl":"https:\/\/orianthime.com\/co\/wp-content\/uploads\/2026\/07\/125.jpg","articleSection":["ciudades"],"inLanguage":"es"},{"@type":"WebPage","@id":"https:\/\/orianthime.com\/co\/fotografos-armenia\/","url":"https:\/\/orianthime.com\/co\/fotografos-armenia\/","name":"Fot\u00f3grafos en Armenia Quind\u00edo | Fotograf\u00eda de Bodas y Eventos","isPartOf":{"@id":"https:\/\/orianthime.com\/co\/#website"},"primaryImageOfPage":{"@id":"https:\/\/orianthime.com\/co\/fotografos-armenia\/#primaryimage"},"image":{"@id":"https:\/\/orianthime.com\/co\/fotografos-armenia\/#primaryimage"},"thumbnailUrl":"https:\/\/orianthime.com\/co\/wp-content\/uploads\/2026\/07\/125.jpg","datePublished":"2026-07-10T23:16:10+00:00","author":{"@id":"https:\/\/orianthime.com\/co\/#\/schema\/person\/e6707c2366fa638871e6d3419f0a95e1"},"description":"\u00bfBuscas fot\u00f3grafos en Armenia? Asegura tu boda o evento corporativo. Cobertura profesional en La Castellana, Centenario, Circasia y Salento. \u00a1Cotiza ya!","breadcrumb":{"@id":"https:\/\/orianthime.com\/co\/fotografos-armenia\/#breadcrumb"},"inLanguage":"es","potentialAction":[{"@type":"ReadAction","target":["https:\/\/orianthime.com\/co\/fotografos-armenia\/"]}]},{"@type":"ImageObject","inLanguage":"es","@id":"https:\/\/orianthime.com\/co\/fotografos-armenia\/#primaryimage","url":"https:\/\/orianthime.com\/co\/wp-content\/uploads\/2026\/07\/125.jpg","contentUrl":"https:\/\/orianthime.com\/co\/wp-content\/uploads\/2026\/07\/125.jpg","width":1440,"height":1800},{"@type":"BreadcrumbList","@id":"https:\/\/orianthime.com\/co\/fotografos-armenia\/#breadcrumb","itemListElement":[{"@type":"ListItem","position":1,"name":"Home","item":"https:\/\/orianthime.com\/co\/"},{"@type":"ListItem","position":2,"name":"Fot\u00f3grafos en Armenia y el Quind\u00edo: Fotograf\u00eda de Bodas y Eventos"}]},{"@type":"WebSite","@id":"https:\/\/orianthime.com\/co\/#website","url":"https:\/\/orianthime.com\/co\/","name":"Orianthi","description":"Fotograf\u00eda de 15 a\u00f1os, bodas y eventos en Medell\u00edn, Villavicencio, Armenia Y Pereira.","potentialAction":[{"@type":"SearchAction","target":{"@type":"EntryPoint","urlTemplate":"https:\/\/orianthime.com\/co\/?s={search_term_string}"},"query-input":{"@type":"PropertyValueSpecification","valueRequired":true,"valueName":"search_term_string"}}],"inLanguage":"es"},{"@type":"Person","@id":"https:\/\/orianthime.com\/co\/#\/schema\/person\/e6707c2366fa638871e6d3419f0a95e1","name":"hola","image":{"@type":"ImageObject","inLanguage":"es","@id":"https:\/\/secure.gravatar.com\/avatar\/1cab7a572a4e0d317f78cc4fffbc615c1e592b30efc0723a05139f8c8e113912?s=96&d=mm&r=g","url":"https:\/\/secure.gravatar.com\/avatar\/1cab7a572a4e0d317f78cc4fffbc615c1e592b30efc0723a05139f8c8e113912?s=96&d=mm&r=g","contentUrl":"https:\/\/secure.gravatar.com\/avatar\/1cab7a572a4e0d317f78cc4fffbc615c1e592b30efc0723a05139f8c8e113912?s=96&d=mm&r=g","caption":"hola"},"sameAs":["https:\/\/orianthime.com\/co"],"url":"https:\/\/orianthime.com\/co\/author\/hola\/"}]}},"_links":{"self":[{"href":"https:\/\/orianthime.com\/co\/wp-json\/wp\/v2\/posts\/30","targetHints":{"allow":["GET"]}}],"collection":[{"href":"https:\/\/orianthime.com\/co\/wp-json\/wp\/v2\/posts"}],"about":[{"href":"https:\/\/orianthime.com\/co\/wp-json\/wp\/v2\/types\/post"}],"author":[{"embeddable":true,"href":"https:\/\/orianthime.com\/co\/wp-json\/wp\/v2\/users\/1"}],"replies":[{"embeddable":true,"href":"https:\/\/orianthime.com\/co\/wp-json\/wp\/v2\/comments?post=30"}],"version-history":[{"count":1,"href":"https:\/\/orianthime.com\/co\/wp-json\/wp\/v2\/posts\/30\/revisions"}],"predecessor-version":[{"id":32,"href":"https:\/\/orianthime.com\/co\/wp-json\/wp\/v2\/posts\/30\/revisions\/32"}],"wp:featuredmedia":[{"embeddable":true,"href":"https:\/\/orianthime.com\/co\/wp-json\/wp\/v2\/media\/31"}],"wp:attachment":[{"href":"https:\/\/orianthime.com\/co\/wp-json\/wp\/v2\/media?parent=30"}],"wp:term":[{"taxonomy":"category","embeddable":true,"href":"https:\/\/orianthime.com\/co\/wp-json\/wp\/v2\/categories?post=30"},{"taxonomy":"post_tag","embeddable":true,"href":"https:\/\/orianthime.com\/co\/wp-json\/wp\/v2\/tags?post=30"}],"curies":[{"name":"wp","href":"https:\/\/api.w.org\/{rel}","templated":true}]}}