{"id":27,"date":"2026-07-10T23:03:34","date_gmt":"2026-07-10T23:03:34","guid":{"rendered":"https:\/\/orianthime.com\/co\/?p=27"},"modified":"2026-07-10T23:03:35","modified_gmt":"2026-07-10T23:03:35","slug":"fotografos-bucaramanga","status":"publish","type":"post","link":"https:\/\/orianthime.com\/co\/fotografos-bucaramanga\/","title":{"rendered":"Fot\u00f3grafos en Bucaramanga y Santander: Fotograf\u00eda de Bodas y Eventos"},"content":{"rendered":"\n<p class=\"wp-block-paragraph\">Los cambios repentinos en las condiciones del viento que sube de la meseta, el tr\u00e1fico denso que arruina las agendas log\u00edsticas de un evento y la luz que se filtra con dureza a trav\u00e9s de los \u00e1rboles de los parques son retos reales que da\u00f1an el registro de un momento importante en Santander si se conf\u00eda en personal improvisado. Un evento corporativo que se queda sin la iluminaci\u00f3n t\u00e9cnica adecuada en un sal\u00f3n cerrado, o una boda donde los retratos se ven oscuros o mal encuadrados por falta de planeaci\u00f3n en el terreno, representan una p\u00e9rdida de dinero y un dolor de cabeza innecesario.<\/p>\n\n\n\n<p class=\"wp-block-paragraph\">En <strong><a href=\"https:\/\/orianthime.com\/co\/\" target=\"_blank\" rel=\"noreferrer noopener\">Orianthi<\/a><\/strong> somos la soluci\u00f3n directa a esas frustraciones. Nos enfocamos en ofrecer una cobertura fotogr\u00e1fica profesional impecable, puntual y totalmente adaptada a las particularidades urbanas y clim\u00e1ticas de Bucaramanga. No dependemos de la suerte; blindamos visualmente tu inversi\u00f3n para entregar un resultado impecable con est\u00e1ndar internacional.<\/p>\n\n\n\n<h2 class=\"wp-block-heading\">Contrataci\u00f3n de Fot\u00f3grafo: Cobertura Local y Geolocalizada<\/h2>\n\n\n\n<p class=\"wp-block-paragraph\">Nuestra log\u00edstica profesional est\u00e1 perfectamente estructurada para movernos con agilidad por los sectores residenciales, comerciales e hist\u00f3ricos m\u00e1s exclusivos de la meseta y su \u00e1rea metropolitana. Si necesitas contratar un fot\u00f3grafo con experiencia real en la regi\u00f3n, cubrimos los 10 puntos clave de Bucaramanga y sus alrededores:<\/p>\n\n\n\n<h3 class=\"wp-block-heading\">Fot\u00f3grafos en Bucaramanga (Sectores Exclusivos de la Meseta)<\/h3>\n\n\n\n<p class=\"wp-block-paragraph\">Operamos directamente en los n\u00facleos financieros, gastron\u00f3micos y residenciales de m\u00e1s alto nivel en la ciudad, garantizando equipos de respaldo y puntualidad en:<\/p>\n\n\n\n<ul class=\"wp-block-list\">\n<li><strong>Cabecera del Llano:<\/strong> El epicentro comercial y residencial premium de la ciudad. Ideal para fotograf\u00eda de marca personal, retratos ejecutivos y coberturas de alto perfil.<\/li>\n\n\n\n<li><strong>Sotomayor:<\/strong> Un sector tradicional y elegante, rodeado de iglesias ic\u00f3nicas y hoteles, perfecto para coordinar la log\u00edstica de bodas y eventos sociales de gran formato.<\/li>\n\n\n\n<li><strong>Pan de Az\u00facar y Altos de Cabecera:<\/strong> Zonas residenciales exclusivas ubicadas en la parte alta, excelentes para sesiones de fotos en exteriores con fondos limpios y vistas privilegiadas.<\/li>\n\n\n\n<li><strong>El Prado y Conucos:<\/strong> Sectores con una arquitectura mixta y empresarial muy fuerte, ideales para capturas corporativas e institucionales.<\/li>\n\n\n\n<li><strong>Alarc\u00f3n y San Alonso:<\/strong> Puntos clave cercanos al centro donde cubrimos eventos empresariales, acad\u00e9micos y culturales en salones y auditorios principales.<\/li>\n<\/ul>\n\n\n\n<h3 class=\"wp-block-heading\">Fot\u00f3grafos en Floridablanca (Anillo Vial y Ruitoque)<\/h3>\n\n\n\n<p class=\"wp-block-paragraph\">El \u00e1rea de mayor desarrollo campestre y de clubes de la regi\u00f3n. Atendemos contratos de fotograf\u00eda profesional en:<\/p>\n\n\n\n<ul class=\"wp-block-list\">\n<li><strong>Ca\u00f1averal:<\/strong> Un sector residencial y comercial de alto nivel socioecon\u00f3mico, ideal para sesiones urbanas sofisticadas y coberturas de eventos boutique.<\/li>\n\n\n\n<li><strong>Ruitoque Condominio (y Ruitoque Bajo):<\/strong> El complejo residencial m\u00e1s exclusivo de Santander. Ofrece campos de golf, lagos y paisajes imponentes ideales para retratos editoriales al aire libre y bodas de \u00e9lite.<\/li>\n\n\n\n<li><strong>El Reposo y Mensul\u00ed:<\/strong> Zonas campestres id\u00f3neas para eventos institucionales y recepciones sociales que requieren manejo t\u00e9cnico de la luz en exteriores.<\/li>\n<\/ul>\n\n\n\n<h3 class=\"wp-block-heading\">Fot\u00f3grafos en Gir\u00f3n y Alrededores<\/h3>\n\n\n\n<p class=\"wp-block-paragraph\">Nos desplazamos a las locaciones tradicionales que ofrecen una riqueza arquitect\u00f3nica colonial \u00fanica en el departamento:<\/p>\n\n\n\n<ul class=\"wp-block-list\">\n<li><strong>Centro Hist\u00f3rico de Gir\u00f3n:<\/strong> Sus calles empedradas, paredes blancas y puentes de piedra calicanto son el escenario predilecto para coberturas de bodas que buscan una est\u00e9tica r\u00fastica, sofisticada y atemporal.<\/li>\n<\/ul>\n\n\n\n<h2 class=\"wp-block-heading\">Gesti\u00f3n Digital y Entrega de Proyectos<\/h2>\n\n\n\n<p class=\"wp-block-paragraph\">Sabemos que la seguridad y la inmediatez en la entrega son tan cr\u00edticas como el d\u00eda de la toma de fotos. Por eso, todos nuestros proyectos se gestionan a trav\u00e9s de nuestro <strong>Portal de Visualizaci\u00f3n Privada<\/strong>.<\/p>\n\n\n\n<p class=\"wp-block-paragraph\">Este sistema exclusivo de Orianthi garantiza que tus archivos en alta resoluci\u00f3n est\u00e9n disponibles para descarga inmediata bajo estrictos par\u00e1metros de seguridad. Olv\u00eddate de enlaces p\u00fablicos lentos que comprimen el color o p\u00e9rdidas de calidad; te ofrecemos una experiencia de entrega fluida, segura y con la privacidad que un cliente premium en la capital santandereana exige.<\/p>\n\n\n\n<h2 class=\"wp-block-heading\">\u00bfTienes un evento en mente en Bucaramanga?<\/h2>\n\n\n\n<p class=\"wp-block-paragraph\">Planear la log\u00edstica de una boda o un evento empresarial en Santander genera muchas dudas sobre el manejo de los tiempos de desplazamiento, las mejores horas de luz en los parques o la iluminaci\u00f3n en recintos cerrados. No dejes el registro de tu fecha importante al azar o en manos de la improvisaci\u00f3n.<\/p>\n\n\n\n<p class=\"wp-block-paragraph\">\u00a1Hablemos directamente! Estoy aqu\u00ed para escucharte, resolver cada una de tus inquietudes t\u00e9cnicas y ayudarte a activar la soluci\u00f3n fotogr\u00e1fica exacta que necesitas. Preguntar no tiene ning\u00fan costo y asesorarte es mi compromiso con la excelencia.<\/p>\n\n\n\n<blockquote class=\"wp-block-quote is-layout-flow wp-block-quote-is-layout-flow\">\n<p class=\"wp-block-paragraph\">\ud83d\udcf2 <strong>\u00bfListo para cotizar tu fecha?<\/strong> Da el paso hoy mismo. <strong>[<a href=\"https:\/\/www.orianthi.com.co\/whatsapp\" target=\"_blank\" rel=\"noreferrer noopener\">Haz clic aqu\u00ed para escribirme por WhatsApp<\/a>]<\/strong> o env\u00edame un mensaje directo. Cu\u00e9ntame los detalles de tu proyecto y dise\u00f1emos juntos la cobertura profesional que tu evento necesita.<\/p>\n<\/blockquote>\n\n\n\n<hr class=\"wp-block-separator has-alpha-channel-opacity\"\/>\n","protected":false},"excerpt":{"rendered":"<p>Los cambios repentinos en las condiciones del viento que sube de la meseta, el tr\u00e1fico denso que arruina las agendas log\u00edsticas de un evento y la luz que se filtra con dureza a trav\u00e9s de los \u00e1rboles de los parques son retos reales que da\u00f1an el registro de un momento importante en Santander si se [&hellip;]<\/p>\n","protected":false},"author":1,"featured_media":28,"comment_status":"closed","ping_status":"open","sticky":false,"template":"","format":"standard","meta":{"footnotes":""},"categories":[1],"tags":[],"class_list":["post-27","post","type-post","status-publish","format-standard","has-post-thumbnail","hentry","category-ciudades","has-thumbnail"],"yoast_head":"<!-- This site is optimized with the Yoast SEO plugin v28.2 - https:\/\/yoast.com\/product\/yoast-seo-wordpress\/ -->\n<title>Fot\u00f3grafos en Bucaramanga | Fotograf\u00eda de Bodas y Eventos<\/title>\n<meta name=\"description\" content=\"\u00bfBuscas fot\u00f3grafos en Bucaramanga? Asegura tu boda o evento. Cobertura profesional de fotograf\u00eda en Cabecera, Sotomayor y Ruitoque. \u00a1Cotiza ya!\" \/>\n<meta name=\"robots\" content=\"index, follow, max-snippet:-1, max-image-preview:large, max-video-preview:-1\" \/>\n<link rel=\"canonical\" href=\"https:\/\/orianthime.com\/co\/fotografos-bucaramanga\/\" \/>\n<meta property=\"og:locale\" content=\"es_ES\" \/>\n<meta property=\"og:type\" content=\"article\" \/>\n<meta property=\"og:title\" content=\"Fot\u00f3grafos en Bucaramanga | Fotograf\u00eda de Bodas y Eventos\" \/>\n<meta property=\"og:description\" content=\"\u00bfBuscas fot\u00f3grafos en Bucaramanga? Asegura tu boda o evento. Cobertura profesional de fotograf\u00eda en Cabecera, Sotomayor y Ruitoque. \u00a1Cotiza ya!\" \/>\n<meta property=\"og:url\" content=\"https:\/\/orianthime.com\/co\/fotografos-bucaramanga\/\" \/>\n<meta property=\"og:site_name\" content=\"Fot\u00f3grafos Medell\u00edn, Manizales, Armenia, Pereira y Villavicencio\" \/>\n<meta property=\"article:published_time\" content=\"2026-07-10T23:03:34+00:00\" \/>\n<meta property=\"article:modified_time\" content=\"2026-07-10T23:03:35+00:00\" \/>\n<meta property=\"og:image\" content=\"https:\/\/orianthime.com\/co\/wp-content\/uploads\/2026\/07\/123.jpg\" \/>\n\t<meta property=\"og:image:width\" content=\"1440\" \/>\n\t<meta property=\"og:image:height\" content=\"1800\" \/>\n\t<meta property=\"og:image:type\" content=\"image\/jpeg\" \/>\n<meta name=\"author\" content=\"hola\" \/>\n<meta name=\"twitter:card\" content=\"summary_large_image\" \/>\n<meta name=\"twitter:label1\" content=\"Escrito por\" \/>\n\t<meta name=\"twitter:data1\" content=\"hola\" \/>\n\t<meta name=\"twitter:label2\" content=\"Tiempo de lectura\" \/>\n\t<meta name=\"twitter:data2\" content=\"4 minutos\" \/>\n<script type=\"application\/ld+json\" class=\"yoast-schema-graph\">{\"@context\":\"https:\\\/\\\/schema.org\",\"@graph\":[{\"@type\":\"Article\",\"@id\":\"https:\\\/\\\/orianthime.com\\\/co\\\/fotografos-bucaramanga\\\/#article\",\"isPartOf\":{\"@id\":\"https:\\\/\\\/orianthime.com\\\/co\\\/fotografos-bucaramanga\\\/\"},\"author\":{\"name\":\"hola\",\"@id\":\"https:\\\/\\\/orianthime.com\\\/co\\\/#\\\/schema\\\/person\\\/e6707c2366fa638871e6d3419f0a95e1\"},\"headline\":\"Fot\u00f3grafos en Bucaramanga y Santander: Fotograf\u00eda de Bodas y Eventos\",\"datePublished\":\"2026-07-10T23:03:34+00:00\",\"dateModified\":\"2026-07-10T23:03:35+00:00\",\"mainEntityOfPage\":{\"@id\":\"https:\\\/\\\/orianthime.com\\\/co\\\/fotografos-bucaramanga\\\/\"},\"wordCount\":814,\"image\":{\"@id\":\"https:\\\/\\\/orianthime.com\\\/co\\\/fotografos-bucaramanga\\\/#primaryimage\"},\"thumbnailUrl\":\"https:\\\/\\\/orianthime.com\\\/co\\\/wp-content\\\/uploads\\\/2026\\\/07\\\/123.jpg\",\"articleSection\":[\"ciudades\"],\"inLanguage\":\"es\"},{\"@type\":\"WebPage\",\"@id\":\"https:\\\/\\\/orianthime.com\\\/co\\\/fotografos-bucaramanga\\\/\",\"url\":\"https:\\\/\\\/orianthime.com\\\/co\\\/fotografos-bucaramanga\\\/\",\"name\":\"Fot\u00f3grafos en Bucaramanga | Fotograf\u00eda de Bodas y Eventos\",\"isPartOf\":{\"@id\":\"https:\\\/\\\/orianthime.com\\\/co\\\/#website\"},\"primaryImageOfPage\":{\"@id\":\"https:\\\/\\\/orianthime.com\\\/co\\\/fotografos-bucaramanga\\\/#primaryimage\"},\"image\":{\"@id\":\"https:\\\/\\\/orianthime.com\\\/co\\\/fotografos-bucaramanga\\\/#primaryimage\"},\"thumbnailUrl\":\"https:\\\/\\\/orianthime.com\\\/co\\\/wp-content\\\/uploads\\\/2026\\\/07\\\/123.jpg\",\"datePublished\":\"2026-07-10T23:03:34+00:00\",\"dateModified\":\"2026-07-10T23:03:35+00:00\",\"author\":{\"@id\":\"https:\\\/\\\/orianthime.com\\\/co\\\/#\\\/schema\\\/person\\\/e6707c2366fa638871e6d3419f0a95e1\"},\"description\":\"\u00bfBuscas fot\u00f3grafos en Bucaramanga? Asegura tu boda o evento. Cobertura profesional de fotograf\u00eda en Cabecera, Sotomayor y Ruitoque. \u00a1Cotiza ya!\",\"breadcrumb\":{\"@id\":\"https:\\\/\\\/orianthime.com\\\/co\\\/fotografos-bucaramanga\\\/#breadcrumb\"},\"inLanguage\":\"es\",\"potentialAction\":[{\"@type\":\"ReadAction\",\"target\":[\"https:\\\/\\\/orianthime.com\\\/co\\\/fotografos-bucaramanga\\\/\"]}]},{\"@type\":\"ImageObject\",\"inLanguage\":\"es\",\"@id\":\"https:\\\/\\\/orianthime.com\\\/co\\\/fotografos-bucaramanga\\\/#primaryimage\",\"url\":\"https:\\\/\\\/orianthime.com\\\/co\\\/wp-content\\\/uploads\\\/2026\\\/07\\\/123.jpg\",\"contentUrl\":\"https:\\\/\\\/orianthime.com\\\/co\\\/wp-content\\\/uploads\\\/2026\\\/07\\\/123.jpg\",\"width\":1440,\"height\":1800},{\"@type\":\"BreadcrumbList\",\"@id\":\"https:\\\/\\\/orianthime.com\\\/co\\\/fotografos-bucaramanga\\\/#breadcrumb\",\"itemListElement\":[{\"@type\":\"ListItem\",\"position\":1,\"name\":\"Home\",\"item\":\"https:\\\/\\\/orianthime.com\\\/co\\\/\"},{\"@type\":\"ListItem\",\"position\":2,\"name\":\"Fot\u00f3grafos en Bucaramanga y Santander: Fotograf\u00eda de Bodas y Eventos\"}]},{\"@type\":\"WebSite\",\"@id\":\"https:\\\/\\\/orianthime.com\\\/co\\\/#website\",\"url\":\"https:\\\/\\\/orianthime.com\\\/co\\\/\",\"name\":\"Orianthi\",\"description\":\"Fotograf\u00eda de 15 a\u00f1os, bodas y eventos en Medell\u00edn, Villavicencio, Armenia Y Pereira.\",\"potentialAction\":[{\"@type\":\"SearchAction\",\"target\":{\"@type\":\"EntryPoint\",\"urlTemplate\":\"https:\\\/\\\/orianthime.com\\\/co\\\/?s={search_term_string}\"},\"query-input\":{\"@type\":\"PropertyValueSpecification\",\"valueRequired\":true,\"valueName\":\"search_term_string\"}}],\"inLanguage\":\"es\"},{\"@type\":\"Person\",\"@id\":\"https:\\\/\\\/orianthime.com\\\/co\\\/#\\\/schema\\\/person\\\/e6707c2366fa638871e6d3419f0a95e1\",\"name\":\"hola\",\"image\":{\"@type\":\"ImageObject\",\"inLanguage\":\"es\",\"@id\":\"https:\\\/\\\/secure.gravatar.com\\\/avatar\\\/1cab7a572a4e0d317f78cc4fffbc615c1e592b30efc0723a05139f8c8e113912?s=96&d=mm&r=g\",\"url\":\"https:\\\/\\\/secure.gravatar.com\\\/avatar\\\/1cab7a572a4e0d317f78cc4fffbc615c1e592b30efc0723a05139f8c8e113912?s=96&d=mm&r=g\",\"contentUrl\":\"https:\\\/\\\/secure.gravatar.com\\\/avatar\\\/1cab7a572a4e0d317f78cc4fffbc615c1e592b30efc0723a05139f8c8e113912?s=96&d=mm&r=g\",\"caption\":\"hola\"},\"sameAs\":[\"https:\\\/\\\/orianthime.com\\\/co\"],\"url\":\"https:\\\/\\\/orianthime.com\\\/co\\\/author\\\/hola\\\/\"}]}<\/script>\n<!-- \/ Yoast SEO plugin. -->","yoast_head_json":{"title":"Fot\u00f3grafos en Bucaramanga | Fotograf\u00eda de Bodas y Eventos","description":"\u00bfBuscas fot\u00f3grafos en Bucaramanga? Asegura tu boda o evento. Cobertura profesional de fotograf\u00eda en Cabecera, Sotomayor y Ruitoque. \u00a1Cotiza ya!","robots":{"index":"index","follow":"follow","max-snippet":"max-snippet:-1","max-image-preview":"max-image-preview:large","max-video-preview":"max-video-preview:-1"},"canonical":"https:\/\/orianthime.com\/co\/fotografos-bucaramanga\/","og_locale":"es_ES","og_type":"article","og_title":"Fot\u00f3grafos en Bucaramanga | Fotograf\u00eda de Bodas y Eventos","og_description":"\u00bfBuscas fot\u00f3grafos en Bucaramanga? Asegura tu boda o evento. Cobertura profesional de fotograf\u00eda en Cabecera, Sotomayor y Ruitoque. \u00a1Cotiza ya!","og_url":"https:\/\/orianthime.com\/co\/fotografos-bucaramanga\/","og_site_name":"Fot\u00f3grafos Medell\u00edn, Manizales, Armenia, Pereira y Villavicencio","article_published_time":"2026-07-10T23:03:34+00:00","article_modified_time":"2026-07-10T23:03:35+00:00","og_image":[{"width":1440,"height":1800,"url":"https:\/\/orianthime.com\/co\/wp-content\/uploads\/2026\/07\/123.jpg","type":"image\/jpeg"}],"author":"hola","twitter_card":"summary_large_image","twitter_misc":{"Escrito por":"hola","Tiempo de lectura":"4 minutos"},"schema":{"@context":"https:\/\/schema.org","@graph":[{"@type":"Article","@id":"https:\/\/orianthime.com\/co\/fotografos-bucaramanga\/#article","isPartOf":{"@id":"https:\/\/orianthime.com\/co\/fotografos-bucaramanga\/"},"author":{"name":"hola","@id":"https:\/\/orianthime.com\/co\/#\/schema\/person\/e6707c2366fa638871e6d3419f0a95e1"},"headline":"Fot\u00f3grafos en Bucaramanga y Santander: Fotograf\u00eda de Bodas y Eventos","datePublished":"2026-07-10T23:03:34+00:00","dateModified":"2026-07-10T23:03:35+00:00","mainEntityOfPage":{"@id":"https:\/\/orianthime.com\/co\/fotografos-bucaramanga\/"},"wordCount":814,"image":{"@id":"https:\/\/orianthime.com\/co\/fotografos-bucaramanga\/#primaryimage"},"thumbnailUrl":"https:\/\/orianthime.com\/co\/wp-content\/uploads\/2026\/07\/123.jpg","articleSection":["ciudades"],"inLanguage":"es"},{"@type":"WebPage","@id":"https:\/\/orianthime.com\/co\/fotografos-bucaramanga\/","url":"https:\/\/orianthime.com\/co\/fotografos-bucaramanga\/","name":"Fot\u00f3grafos en Bucaramanga | Fotograf\u00eda de Bodas y Eventos","isPartOf":{"@id":"https:\/\/orianthime.com\/co\/#website"},"primaryImageOfPage":{"@id":"https:\/\/orianthime.com\/co\/fotografos-bucaramanga\/#primaryimage"},"image":{"@id":"https:\/\/orianthime.com\/co\/fotografos-bucaramanga\/#primaryimage"},"thumbnailUrl":"https:\/\/orianthime.com\/co\/wp-content\/uploads\/2026\/07\/123.jpg","datePublished":"2026-07-10T23:03:34+00:00","dateModified":"2026-07-10T23:03:35+00:00","author":{"@id":"https:\/\/orianthime.com\/co\/#\/schema\/person\/e6707c2366fa638871e6d3419f0a95e1"},"description":"\u00bfBuscas fot\u00f3grafos en Bucaramanga? Asegura tu boda o evento. Cobertura profesional de fotograf\u00eda en Cabecera, Sotomayor y Ruitoque. \u00a1Cotiza ya!","breadcrumb":{"@id":"https:\/\/orianthime.com\/co\/fotografos-bucaramanga\/#breadcrumb"},"inLanguage":"es","potentialAction":[{"@type":"ReadAction","target":["https:\/\/orianthime.com\/co\/fotografos-bucaramanga\/"]}]},{"@type":"ImageObject","inLanguage":"es","@id":"https:\/\/orianthime.com\/co\/fotografos-bucaramanga\/#primaryimage","url":"https:\/\/orianthime.com\/co\/wp-content\/uploads\/2026\/07\/123.jpg","contentUrl":"https:\/\/orianthime.com\/co\/wp-content\/uploads\/2026\/07\/123.jpg","width":1440,"height":1800},{"@type":"BreadcrumbList","@id":"https:\/\/orianthime.com\/co\/fotografos-bucaramanga\/#breadcrumb","itemListElement":[{"@type":"ListItem","position":1,"name":"Home","item":"https:\/\/orianthime.com\/co\/"},{"@type":"ListItem","position":2,"name":"Fot\u00f3grafos en Bucaramanga y Santander: Fotograf\u00eda de Bodas y Eventos"}]},{"@type":"WebSite","@id":"https:\/\/orianthime.com\/co\/#website","url":"https:\/\/orianthime.com\/co\/","name":"Orianthi","description":"Fotograf\u00eda de 15 a\u00f1os, bodas y eventos en Medell\u00edn, Villavicencio, Armenia Y Pereira.","potentialAction":[{"@type":"SearchAction","target":{"@type":"EntryPoint","urlTemplate":"https:\/\/orianthime.com\/co\/?s={search_term_string}"},"query-input":{"@type":"PropertyValueSpecification","valueRequired":true,"valueName":"search_term_string"}}],"inLanguage":"es"},{"@type":"Person","@id":"https:\/\/orianthime.com\/co\/#\/schema\/person\/e6707c2366fa638871e6d3419f0a95e1","name":"hola","image":{"@type":"ImageObject","inLanguage":"es","@id":"https:\/\/secure.gravatar.com\/avatar\/1cab7a572a4e0d317f78cc4fffbc615c1e592b30efc0723a05139f8c8e113912?s=96&d=mm&r=g","url":"https:\/\/secure.gravatar.com\/avatar\/1cab7a572a4e0d317f78cc4fffbc615c1e592b30efc0723a05139f8c8e113912?s=96&d=mm&r=g","contentUrl":"https:\/\/secure.gravatar.com\/avatar\/1cab7a572a4e0d317f78cc4fffbc615c1e592b30efc0723a05139f8c8e113912?s=96&d=mm&r=g","caption":"hola"},"sameAs":["https:\/\/orianthime.com\/co"],"url":"https:\/\/orianthime.com\/co\/author\/hola\/"}]}},"_links":{"self":[{"href":"https:\/\/orianthime.com\/co\/wp-json\/wp\/v2\/posts\/27","targetHints":{"allow":["GET"]}}],"collection":[{"href":"https:\/\/orianthime.com\/co\/wp-json\/wp\/v2\/posts"}],"about":[{"href":"https:\/\/orianthime.com\/co\/wp-json\/wp\/v2\/types\/post"}],"author":[{"embeddable":true,"href":"https:\/\/orianthime.com\/co\/wp-json\/wp\/v2\/users\/1"}],"replies":[{"embeddable":true,"href":"https:\/\/orianthime.com\/co\/wp-json\/wp\/v2\/comments?post=27"}],"version-history":[{"count":1,"href":"https:\/\/orianthime.com\/co\/wp-json\/wp\/v2\/posts\/27\/revisions"}],"predecessor-version":[{"id":29,"href":"https:\/\/orianthime.com\/co\/wp-json\/wp\/v2\/posts\/27\/revisions\/29"}],"wp:featuredmedia":[{"embeddable":true,"href":"https:\/\/orianthime.com\/co\/wp-json\/wp\/v2\/media\/28"}],"wp:attachment":[{"href":"https:\/\/orianthime.com\/co\/wp-json\/wp\/v2\/media?parent=27"}],"wp:term":[{"taxonomy":"category","embeddable":true,"href":"https:\/\/orianthime.com\/co\/wp-json\/wp\/v2\/categories?post=27"},{"taxonomy":"post_tag","embeddable":true,"href":"https:\/\/orianthime.com\/co\/wp-json\/wp\/v2\/tags?post=27"}],"curies":[{"name":"wp","href":"https:\/\/api.w.org\/{rel}","templated":true}]}}