{"id":24,"date":"2026-07-10T22:52:37","date_gmt":"2026-07-10T22:52:37","guid":{"rendered":"https:\/\/orianthime.com\/co\/?p=24"},"modified":"2026-07-10T22:52:38","modified_gmt":"2026-07-10T22:52:38","slug":"fotografos-san-andres","status":"publish","type":"post","link":"https:\/\/orianthime.com\/co\/fotografos-san-andres\/","title":{"rendered":"Fot\u00f3grafos en San Andr\u00e9s Isla: Fotograf\u00eda de Bodas y Eventos"},"content":{"rendered":"\n<p class=\"wp-block-paragraph\">El brillo extremo de la arena blanca, los vientos costeros que desestabilizan la iluminaci\u00f3n y los altos niveles de salinidad que bloquean los equipos t\u00e9cnicos son retos reales que arruinan el registro de un momento importante en el mar de los siete colores si se conf\u00eda en personal improvisado. Un evento corporativo frente al mar que se queda sin soporte t\u00e9cnico, o una boda de destino donde los retratos salen con los rostros en la sombra y los fondos quemados por el sol caribe\u00f1o, representan una p\u00e9rdida de dinero y un dolor de cabeza innecesario.<\/p>\n\n\n\n<p class=\"wp-block-paragraph\">En <strong><a href=\"https:\/\/orianthime.com\/co\/\" target=\"_blank\" rel=\"noreferrer noopener\">Orianthi<\/a><\/strong> somos la soluci\u00f3n directa a esas frustraciones. Nos enfocamos en ofrecer una cobertura fotogr\u00e1fica profesional impecable, puntual y totalmente adaptada a las exigencias clim\u00e1ticas, lum\u00ednicas y log\u00edsticas del archipi\u00e9lago. No dependemos de la suerte; blindamos visualmente tu inversi\u00f3n para entregar un resultado impecable con est\u00e1ndar internacional.<\/p>\n\n\n\n<h2 class=\"wp-block-heading\">Contrataci\u00f3n de Fot\u00f3grafo: Cobertura Local y Geolocalizada<\/h2>\n\n\n\n<p class=\"wp-block-paragraph\">Nuestra log\u00edstica profesional est\u00e1 perfectamente equipada para movernos por las playas, complejos hoteleros y sectores residenciales m\u00e1s importantes de la isla. Si necesitas contratar un fot\u00f3grafo con experiencia real controlando los matices de la costa, cubrimos todos los puntos clave de San Andr\u00e9s:<\/p>\n\n\n\n<h3 class=\"wp-block-heading\">Fot\u00f3grafos en San Andr\u00e9s (Zonas Hoteleras y Comerciales)<\/h3>\n\n\n\n<p class=\"wp-block-paragraph\">Operamos directamente en el coraz\u00f3n tur\u00edstico y financiero de la isla, garantizando puntualidad y equipos de respaldo para:<\/p>\n\n\n\n<ul class=\"wp-block-list\">\n<li><strong>North End (El Centro):<\/strong> El n\u00facleo comercial, hotelero y gastron\u00f3mico principal. Ideal para coberturas institucionales, eventos de marca personal y sesiones a pasos del \u00e1rea peatonal.<\/li>\n\n\n\n<li><strong>Sector de Sarie Bay:<\/strong> (Zona residencial y de alojamientos boutique). Perfecto para retratos exclusivos y fotograf\u00eda urbana costera.<\/li>\n\n\n\n<li><strong>Bah\u00eda Sardina (Spratt Bight):<\/strong> La zona de playa m\u00e1s famosa del centro, rodeada por los principales hoteles de cadena, ideal para eventos corporativos y sociales con fondos marinos ic\u00f3nicos.<\/li>\n<\/ul>\n\n\n\n<h3 class=\"wp-block-heading\">Fot\u00f3grafos en las Zonas de Playas y Eventos de Destino<\/h3>\n\n\n\n<p class=\"wp-block-paragraph\">Atendemos contratos de fotograf\u00eda en los escenarios naturales m\u00e1s buscados para bodas y eventos exclusivos:<\/p>\n\n\n\n<ul class=\"wp-block-list\">\n<li><strong>San Luis:<\/strong> (Sectores como Sound Bay y las playas tradicionales del este). Una zona con un aire caribe\u00f1o aut\u00e9ntico, arquitectura isle\u00f1a de madera y palmeras, perfecta para bodas de destino de gran formato.<\/li>\n\n\n\n<li><strong>Rocky Cay (Cayo Rocoso):<\/strong> El punto predilecto para sesiones playeras al aire libre, aprovechando la poca profundidad del agua y el fondo del cayo.<\/li>\n\n\n\n<li><strong>La Piscinita y West View:<\/strong> Sectores en la costa rocosa del oeste, ideales para sesiones editoriales con acantilados de piedra coralina y puestas de sol limpias.<\/li>\n<\/ul>\n\n\n\n<h3 class=\"wp-block-heading\">Fot\u00f3grafos en Sectores de Altura y Residenciales<\/h3>\n\n\n\n<p class=\"wp-block-paragraph\">Nos desplazamos a los puntos estrat\u00e9gicos interiores de la isla para coberturas privadas o corporativas:<\/p>\n\n\n\n<ul class=\"wp-block-list\">\n<li><strong>La Loma (The Hill):<\/strong> La zona m\u00e1s alta y tradicional de la isla. Ofrece perspectivas de gran formato con arquitectura colonial bautista y vistas panor\u00e1micas de los arrecifes como fondo.<\/li>\n\n\n\n<li><strong>El Cove:<\/strong> Un sector tranquilo y protegido en el suroeste, ideal para eventos sociales en clubes n\u00e1uticos o muelles privados.<\/li>\n\n\n\n<li><strong>South End (Punta Sur):<\/strong> El extremo m\u00e1s salvaje y natural de la isla (cerca del Hoyo Soplador), excelente para capturas con un car\u00e1cter exclusivo y de naturaleza potente.<\/li>\n<\/ul>\n\n\n\n<h2 class=\"wp-block-heading\">Gesti\u00f3n Digital y Entrega de Proyectos<\/h2>\n\n\n\n<p class=\"wp-block-paragraph\">Sabemos que la seguridad y la inmediatez en la entrega son tan cr\u00edticas como el d\u00eda de la toma de fotos, especialmente para quienes visitan la isla y regresan a sus ciudades de origen. Por eso, todos nuestros proyectos se gestionan a trav\u00e9s de nuestro <strong>Portal de Visualizaci\u00f3n Privada<\/strong>.<\/p>\n\n\n\n<p class=\"wp-block-paragraph\">Este sistema exclusivo de Orianthi garantiza que tus archivos en alta resoluci\u00f3n est\u00e9n disponibles para descarga inmediata bajo estrictos par\u00e1metros de seguridad. Olv\u00eddate de memorias USB que se da\u00f1an con la humedad o enlaces p\u00fablicos lentos; te ofrecemos una experiencia de entrega fluida, segura y con la privacidad que un cliente de alto nivel exige.<\/p>\n\n\n\n<h2 class=\"wp-block-heading\">\u00bfTienes un evento en mente en San Andr\u00e9s?<\/h2>\n\n\n\n<p class=\"wp-block-paragraph\">Planear la log\u00edstica de una boda de destino o un evento empresarial en el Caribe genera muchas dudas sobre el control del viento, las mejores horas de luz antes del atardecer o los permisos en las playas. No dejes el registro de tu fecha importante al azar o en manos de la improvisaci\u00f3n.<\/p>\n\n\n\n<p class=\"wp-block-paragraph\">\u00a1Hablemos directamente! Estoy aqu\u00ed para escucharte, resolver cada una de tus inquietudes t\u00e9cnicas y ayudarte a aterrizar la soluci\u00f3n fotogr\u00e1fica exacta que necesitas. Preguntar no tiene ning\u00fan costo y asesorarte es mi compromiso con la excelencia.<\/p>\n\n\n\n<blockquote class=\"wp-block-quote is-layout-flow wp-block-quote-is-layout-flow\">\n<p class=\"wp-block-paragraph\">\ud83d\udcf2 <strong>\u00bfListo para cotizar tu fecha?<\/strong> Da el paso hoy mismo. <strong>[<a href=\"https:\/\/www.orianthi.com.co\/whatsapp\" target=\"_blank\" rel=\"noreferrer noopener\">Haz clic aqu\u00ed para escribirme por WhatsApp<\/a>]<\/strong> o env\u00edame un mensaje directo. Cu\u00e9ntame los detalles de tu proyecto y dise\u00f1emos juntos la cobertura profesional que tu evento necesita.<\/p>\n<\/blockquote>\n\n\n\n<hr class=\"wp-block-separator has-alpha-channel-opacity\"\/>\n","protected":false},"excerpt":{"rendered":"<p>El brillo extremo de la arena blanca, los vientos costeros que desestabilizan la iluminaci\u00f3n y los altos niveles de salinidad que bloquean los equipos t\u00e9cnicos son retos reales que arruinan el registro de un momento importante en el mar de los siete colores si se conf\u00eda en personal improvisado. Un evento corporativo frente al mar [&hellip;]<\/p>\n","protected":false},"author":1,"featured_media":25,"comment_status":"closed","ping_status":"open","sticky":false,"template":"","format":"standard","meta":{"footnotes":""},"categories":[1],"tags":[],"class_list":["post-24","post","type-post","status-publish","format-standard","has-post-thumbnail","hentry","category-ciudades","has-thumbnail"],"yoast_head":"<!-- This site is optimized with the Yoast SEO plugin v28.2 - https:\/\/yoast.com\/product\/yoast-seo-wordpress\/ -->\n<title>Fot\u00f3grafos en San Andr\u00e9s Isla | Fotograf\u00eda de Bodas<\/title>\n<meta name=\"description\" content=\"\u00bfBuscas fot\u00f3grafos en San Andr\u00e9s? Asegura tu boda de destino o evento. Fotografia profesional en North End, San Luis, Sarie Bay. \u00a1Cotiza ya!\" \/>\n<meta name=\"robots\" content=\"index, follow, max-snippet:-1, max-image-preview:large, max-video-preview:-1\" \/>\n<link rel=\"canonical\" href=\"https:\/\/orianthime.com\/co\/fotografos-san-andres\/\" \/>\n<meta property=\"og:locale\" content=\"es_ES\" \/>\n<meta property=\"og:type\" content=\"article\" \/>\n<meta property=\"og:title\" content=\"Fot\u00f3grafos en San Andr\u00e9s Isla | Fotograf\u00eda de Bodas\" \/>\n<meta property=\"og:description\" content=\"\u00bfBuscas fot\u00f3grafos en San Andr\u00e9s? Asegura tu boda de destino o evento. Fotografia profesional en North End, San Luis, Sarie Bay. \u00a1Cotiza ya!\" \/>\n<meta property=\"og:url\" content=\"https:\/\/orianthime.com\/co\/fotografos-san-andres\/\" \/>\n<meta property=\"og:site_name\" content=\"Fot\u00f3grafos Medell\u00edn, Manizales, Armenia, Pereira y Villavicencio\" \/>\n<meta property=\"article:published_time\" content=\"2026-07-10T22:52:37+00:00\" \/>\n<meta property=\"article:modified_time\" content=\"2026-07-10T22:52:38+00:00\" \/>\n<meta property=\"og:image\" content=\"https:\/\/orianthime.com\/co\/wp-content\/uploads\/2026\/07\/22.jpg\" \/>\n\t<meta property=\"og:image:width\" content=\"1366\" \/>\n\t<meta property=\"og:image:height\" content=\"2048\" \/>\n\t<meta property=\"og:image:type\" content=\"image\/jpeg\" \/>\n<meta name=\"author\" content=\"hola\" \/>\n<meta name=\"twitter:card\" content=\"summary_large_image\" \/>\n<meta name=\"twitter:label1\" content=\"Escrito por\" \/>\n\t<meta name=\"twitter:data1\" content=\"hola\" \/>\n\t<meta name=\"twitter:label2\" content=\"Tiempo de lectura\" \/>\n\t<meta name=\"twitter:data2\" content=\"4 minutos\" \/>\n<script type=\"application\/ld+json\" class=\"yoast-schema-graph\">{\"@context\":\"https:\\\/\\\/schema.org\",\"@graph\":[{\"@type\":\"Article\",\"@id\":\"https:\\\/\\\/orianthime.com\\\/co\\\/fotografos-san-andres\\\/#article\",\"isPartOf\":{\"@id\":\"https:\\\/\\\/orianthime.com\\\/co\\\/fotografos-san-andres\\\/\"},\"author\":{\"name\":\"hola\",\"@id\":\"https:\\\/\\\/orianthime.com\\\/co\\\/#\\\/schema\\\/person\\\/e6707c2366fa638871e6d3419f0a95e1\"},\"headline\":\"Fot\u00f3grafos en San Andr\u00e9s Isla: Fotograf\u00eda de Bodas y Eventos\",\"datePublished\":\"2026-07-10T22:52:37+00:00\",\"dateModified\":\"2026-07-10T22:52:38+00:00\",\"mainEntityOfPage\":{\"@id\":\"https:\\\/\\\/orianthime.com\\\/co\\\/fotografos-san-andres\\\/\"},\"wordCount\":822,\"image\":{\"@id\":\"https:\\\/\\\/orianthime.com\\\/co\\\/fotografos-san-andres\\\/#primaryimage\"},\"thumbnailUrl\":\"https:\\\/\\\/orianthime.com\\\/co\\\/wp-content\\\/uploads\\\/2026\\\/07\\\/22.jpg\",\"articleSection\":[\"ciudades\"],\"inLanguage\":\"es\"},{\"@type\":\"WebPage\",\"@id\":\"https:\\\/\\\/orianthime.com\\\/co\\\/fotografos-san-andres\\\/\",\"url\":\"https:\\\/\\\/orianthime.com\\\/co\\\/fotografos-san-andres\\\/\",\"name\":\"Fot\u00f3grafos en San Andr\u00e9s Isla | Fotograf\u00eda de Bodas\",\"isPartOf\":{\"@id\":\"https:\\\/\\\/orianthime.com\\\/co\\\/#website\"},\"primaryImageOfPage\":{\"@id\":\"https:\\\/\\\/orianthime.com\\\/co\\\/fotografos-san-andres\\\/#primaryimage\"},\"image\":{\"@id\":\"https:\\\/\\\/orianthime.com\\\/co\\\/fotografos-san-andres\\\/#primaryimage\"},\"thumbnailUrl\":\"https:\\\/\\\/orianthime.com\\\/co\\\/wp-content\\\/uploads\\\/2026\\\/07\\\/22.jpg\",\"datePublished\":\"2026-07-10T22:52:37+00:00\",\"dateModified\":\"2026-07-10T22:52:38+00:00\",\"author\":{\"@id\":\"https:\\\/\\\/orianthime.com\\\/co\\\/#\\\/schema\\\/person\\\/e6707c2366fa638871e6d3419f0a95e1\"},\"description\":\"\u00bfBuscas fot\u00f3grafos en San Andr\u00e9s? Asegura tu boda de destino o evento. Fotografia profesional en North End, San Luis, Sarie Bay. \u00a1Cotiza ya!\",\"breadcrumb\":{\"@id\":\"https:\\\/\\\/orianthime.com\\\/co\\\/fotografos-san-andres\\\/#breadcrumb\"},\"inLanguage\":\"es\",\"potentialAction\":[{\"@type\":\"ReadAction\",\"target\":[\"https:\\\/\\\/orianthime.com\\\/co\\\/fotografos-san-andres\\\/\"]}]},{\"@type\":\"ImageObject\",\"inLanguage\":\"es\",\"@id\":\"https:\\\/\\\/orianthime.com\\\/co\\\/fotografos-san-andres\\\/#primaryimage\",\"url\":\"https:\\\/\\\/orianthime.com\\\/co\\\/wp-content\\\/uploads\\\/2026\\\/07\\\/22.jpg\",\"contentUrl\":\"https:\\\/\\\/orianthime.com\\\/co\\\/wp-content\\\/uploads\\\/2026\\\/07\\\/22.jpg\",\"width\":1366,\"height\":2048},{\"@type\":\"BreadcrumbList\",\"@id\":\"https:\\\/\\\/orianthime.com\\\/co\\\/fotografos-san-andres\\\/#breadcrumb\",\"itemListElement\":[{\"@type\":\"ListItem\",\"position\":1,\"name\":\"Home\",\"item\":\"https:\\\/\\\/orianthime.com\\\/co\\\/\"},{\"@type\":\"ListItem\",\"position\":2,\"name\":\"Fot\u00f3grafos en San Andr\u00e9s Isla: Fotograf\u00eda de Bodas y Eventos\"}]},{\"@type\":\"WebSite\",\"@id\":\"https:\\\/\\\/orianthime.com\\\/co\\\/#website\",\"url\":\"https:\\\/\\\/orianthime.com\\\/co\\\/\",\"name\":\"Orianthi\",\"description\":\"Fotograf\u00eda de 15 a\u00f1os, bodas y eventos en Medell\u00edn, Villavicencio, Armenia Y Pereira.\",\"potentialAction\":[{\"@type\":\"SearchAction\",\"target\":{\"@type\":\"EntryPoint\",\"urlTemplate\":\"https:\\\/\\\/orianthime.com\\\/co\\\/?s={search_term_string}\"},\"query-input\":{\"@type\":\"PropertyValueSpecification\",\"valueRequired\":true,\"valueName\":\"search_term_string\"}}],\"inLanguage\":\"es\"},{\"@type\":\"Person\",\"@id\":\"https:\\\/\\\/orianthime.com\\\/co\\\/#\\\/schema\\\/person\\\/e6707c2366fa638871e6d3419f0a95e1\",\"name\":\"hola\",\"image\":{\"@type\":\"ImageObject\",\"inLanguage\":\"es\",\"@id\":\"https:\\\/\\\/secure.gravatar.com\\\/avatar\\\/1cab7a572a4e0d317f78cc4fffbc615c1e592b30efc0723a05139f8c8e113912?s=96&d=mm&r=g\",\"url\":\"https:\\\/\\\/secure.gravatar.com\\\/avatar\\\/1cab7a572a4e0d317f78cc4fffbc615c1e592b30efc0723a05139f8c8e113912?s=96&d=mm&r=g\",\"contentUrl\":\"https:\\\/\\\/secure.gravatar.com\\\/avatar\\\/1cab7a572a4e0d317f78cc4fffbc615c1e592b30efc0723a05139f8c8e113912?s=96&d=mm&r=g\",\"caption\":\"hola\"},\"sameAs\":[\"https:\\\/\\\/orianthime.com\\\/co\"],\"url\":\"https:\\\/\\\/orianthime.com\\\/co\\\/author\\\/hola\\\/\"}]}<\/script>\n<!-- \/ Yoast SEO plugin. -->","yoast_head_json":{"title":"Fot\u00f3grafos en San Andr\u00e9s Isla | Fotograf\u00eda de Bodas","description":"\u00bfBuscas fot\u00f3grafos en San Andr\u00e9s? Asegura tu boda de destino o evento. Fotografia profesional en North End, San Luis, Sarie Bay. \u00a1Cotiza ya!","robots":{"index":"index","follow":"follow","max-snippet":"max-snippet:-1","max-image-preview":"max-image-preview:large","max-video-preview":"max-video-preview:-1"},"canonical":"https:\/\/orianthime.com\/co\/fotografos-san-andres\/","og_locale":"es_ES","og_type":"article","og_title":"Fot\u00f3grafos en San Andr\u00e9s Isla | Fotograf\u00eda de Bodas","og_description":"\u00bfBuscas fot\u00f3grafos en San Andr\u00e9s? Asegura tu boda de destino o evento. Fotografia profesional en North End, San Luis, Sarie Bay. \u00a1Cotiza ya!","og_url":"https:\/\/orianthime.com\/co\/fotografos-san-andres\/","og_site_name":"Fot\u00f3grafos Medell\u00edn, Manizales, Armenia, Pereira y Villavicencio","article_published_time":"2026-07-10T22:52:37+00:00","article_modified_time":"2026-07-10T22:52:38+00:00","og_image":[{"width":1366,"height":2048,"url":"https:\/\/orianthime.com\/co\/wp-content\/uploads\/2026\/07\/22.jpg","type":"image\/jpeg"}],"author":"hola","twitter_card":"summary_large_image","twitter_misc":{"Escrito por":"hola","Tiempo de lectura":"4 minutos"},"schema":{"@context":"https:\/\/schema.org","@graph":[{"@type":"Article","@id":"https:\/\/orianthime.com\/co\/fotografos-san-andres\/#article","isPartOf":{"@id":"https:\/\/orianthime.com\/co\/fotografos-san-andres\/"},"author":{"name":"hola","@id":"https:\/\/orianthime.com\/co\/#\/schema\/person\/e6707c2366fa638871e6d3419f0a95e1"},"headline":"Fot\u00f3grafos en San Andr\u00e9s Isla: Fotograf\u00eda de Bodas y Eventos","datePublished":"2026-07-10T22:52:37+00:00","dateModified":"2026-07-10T22:52:38+00:00","mainEntityOfPage":{"@id":"https:\/\/orianthime.com\/co\/fotografos-san-andres\/"},"wordCount":822,"image":{"@id":"https:\/\/orianthime.com\/co\/fotografos-san-andres\/#primaryimage"},"thumbnailUrl":"https:\/\/orianthime.com\/co\/wp-content\/uploads\/2026\/07\/22.jpg","articleSection":["ciudades"],"inLanguage":"es"},{"@type":"WebPage","@id":"https:\/\/orianthime.com\/co\/fotografos-san-andres\/","url":"https:\/\/orianthime.com\/co\/fotografos-san-andres\/","name":"Fot\u00f3grafos en San Andr\u00e9s Isla | Fotograf\u00eda de Bodas","isPartOf":{"@id":"https:\/\/orianthime.com\/co\/#website"},"primaryImageOfPage":{"@id":"https:\/\/orianthime.com\/co\/fotografos-san-andres\/#primaryimage"},"image":{"@id":"https:\/\/orianthime.com\/co\/fotografos-san-andres\/#primaryimage"},"thumbnailUrl":"https:\/\/orianthime.com\/co\/wp-content\/uploads\/2026\/07\/22.jpg","datePublished":"2026-07-10T22:52:37+00:00","dateModified":"2026-07-10T22:52:38+00:00","author":{"@id":"https:\/\/orianthime.com\/co\/#\/schema\/person\/e6707c2366fa638871e6d3419f0a95e1"},"description":"\u00bfBuscas fot\u00f3grafos en San Andr\u00e9s? Asegura tu boda de destino o evento. Fotografia profesional en North End, San Luis, Sarie Bay. \u00a1Cotiza ya!","breadcrumb":{"@id":"https:\/\/orianthime.com\/co\/fotografos-san-andres\/#breadcrumb"},"inLanguage":"es","potentialAction":[{"@type":"ReadAction","target":["https:\/\/orianthime.com\/co\/fotografos-san-andres\/"]}]},{"@type":"ImageObject","inLanguage":"es","@id":"https:\/\/orianthime.com\/co\/fotografos-san-andres\/#primaryimage","url":"https:\/\/orianthime.com\/co\/wp-content\/uploads\/2026\/07\/22.jpg","contentUrl":"https:\/\/orianthime.com\/co\/wp-content\/uploads\/2026\/07\/22.jpg","width":1366,"height":2048},{"@type":"BreadcrumbList","@id":"https:\/\/orianthime.com\/co\/fotografos-san-andres\/#breadcrumb","itemListElement":[{"@type":"ListItem","position":1,"name":"Home","item":"https:\/\/orianthime.com\/co\/"},{"@type":"ListItem","position":2,"name":"Fot\u00f3grafos en San Andr\u00e9s Isla: Fotograf\u00eda de Bodas y Eventos"}]},{"@type":"WebSite","@id":"https:\/\/orianthime.com\/co\/#website","url":"https:\/\/orianthime.com\/co\/","name":"Orianthi","description":"Fotograf\u00eda de 15 a\u00f1os, bodas y eventos en Medell\u00edn, Villavicencio, Armenia Y Pereira.","potentialAction":[{"@type":"SearchAction","target":{"@type":"EntryPoint","urlTemplate":"https:\/\/orianthime.com\/co\/?s={search_term_string}"},"query-input":{"@type":"PropertyValueSpecification","valueRequired":true,"valueName":"search_term_string"}}],"inLanguage":"es"},{"@type":"Person","@id":"https:\/\/orianthime.com\/co\/#\/schema\/person\/e6707c2366fa638871e6d3419f0a95e1","name":"hola","image":{"@type":"ImageObject","inLanguage":"es","@id":"https:\/\/secure.gravatar.com\/avatar\/1cab7a572a4e0d317f78cc4fffbc615c1e592b30efc0723a05139f8c8e113912?s=96&d=mm&r=g","url":"https:\/\/secure.gravatar.com\/avatar\/1cab7a572a4e0d317f78cc4fffbc615c1e592b30efc0723a05139f8c8e113912?s=96&d=mm&r=g","contentUrl":"https:\/\/secure.gravatar.com\/avatar\/1cab7a572a4e0d317f78cc4fffbc615c1e592b30efc0723a05139f8c8e113912?s=96&d=mm&r=g","caption":"hola"},"sameAs":["https:\/\/orianthime.com\/co"],"url":"https:\/\/orianthime.com\/co\/author\/hola\/"}]}},"_links":{"self":[{"href":"https:\/\/orianthime.com\/co\/wp-json\/wp\/v2\/posts\/24","targetHints":{"allow":["GET"]}}],"collection":[{"href":"https:\/\/orianthime.com\/co\/wp-json\/wp\/v2\/posts"}],"about":[{"href":"https:\/\/orianthime.com\/co\/wp-json\/wp\/v2\/types\/post"}],"author":[{"embeddable":true,"href":"https:\/\/orianthime.com\/co\/wp-json\/wp\/v2\/users\/1"}],"replies":[{"embeddable":true,"href":"https:\/\/orianthime.com\/co\/wp-json\/wp\/v2\/comments?post=24"}],"version-history":[{"count":1,"href":"https:\/\/orianthime.com\/co\/wp-json\/wp\/v2\/posts\/24\/revisions"}],"predecessor-version":[{"id":26,"href":"https:\/\/orianthime.com\/co\/wp-json\/wp\/v2\/posts\/24\/revisions\/26"}],"wp:featuredmedia":[{"embeddable":true,"href":"https:\/\/orianthime.com\/co\/wp-json\/wp\/v2\/media\/25"}],"wp:attachment":[{"href":"https:\/\/orianthime.com\/co\/wp-json\/wp\/v2\/media?parent=24"}],"wp:term":[{"taxonomy":"category","embeddable":true,"href":"https:\/\/orianthime.com\/co\/wp-json\/wp\/v2\/categories?post=24"},{"taxonomy":"post_tag","embeddable":true,"href":"https:\/\/orianthime.com\/co\/wp-json\/wp\/v2\/tags?post=24"}],"curies":[{"name":"wp","href":"https:\/\/api.w.org\/{rel}","templated":true}]}}