{"id":21,"date":"2026-07-10T22:16:48","date_gmt":"2026-07-10T22:16:48","guid":{"rendered":"https:\/\/orianthime.com\/co\/?p=21"},"modified":"2026-07-10T22:49:32","modified_gmt":"2026-07-10T22:49:32","slug":"fotografos-en-villavicencio","status":"publish","type":"post","link":"https:\/\/orianthime.com\/co\/fotografos-en-villavicencio\/","title":{"rendered":"Fot\u00f3grafos en Villavicencio y el Meta: Fotograf\u00eda de Bodas y Eventos"},"content":{"rendered":"\n<p class=\"wp-block-paragraph\">El calor intenso, los niveles de humedad que saturan los equipos t\u00e9cnicos y la luz del sol que cambia de forma dr\u00e1stica en cuesti\u00f3n de minutos son retos reales que arruinan el registro de un momento importante en el Llano si se conf\u00eda en personal improvisado. Un evento corporativo que se queda a oscuras por falta de equipos adaptados para la regi\u00f3n, o una boda donde los retratos se ven sobreexpuestos y artificiales por un mal manejo del sol llanero, representan una p\u00e9rdida de dinero y un dolor de cabeza innecesario.<\/p>\n\n\n\n<p class=\"wp-block-paragraph\">En <strong><a href=\"https:\/\/orianthime.com\/co\/\" target=\"_blank\" rel=\"noreferrer noopener\">Orianthi<\/a><\/strong> somos la soluci\u00f3n directa a esas frustraciones. Nos enfocamos en ofrecer una cobertura fotogr\u00e1fica profesional impecable, puntual y totalmente adaptada a las exigencias clim\u00e1ticas y log\u00edsticas de Villavicencio. No dependemos de la suerte; blindamos visualmente tu inversi\u00f3n para entregar un resultado impecable con est\u00e1ndar internacional.<\/p>\n\n\n\n<h2 class=\"wp-block-heading\">Contrataci\u00f3n de Fot\u00f3grafo: Cobertura Local y Geolocalizada<\/h2>\n\n\n\n<p class=\"wp-block-paragraph\">Nuestra log\u00edstica profesional est\u00e1 perfectamente adaptada para movernos con eficiencia por los puntos m\u00e1s estrat\u00e9gicos, comerciales y campestres del departamento del Meta. Si necesitas contratar un fot\u00f3grafo con experiencia real en el terreno, cubrimos los sectores clave de Villavicencio y sus alrededores:<\/p>\n\n\n\n<h3 class=\"wp-block-heading\">Fot\u00f3grafos en Villavicencio (Zonas Clave)<\/h3>\n\n\n\n<p class=\"wp-block-paragraph\">Operamos directamente en los centros financieros, hoteleros y residenciales de la capital del Meta, garantizando puntualidad y equipos de respaldo para:<\/p>\n\n\n\n<ul class=\"wp-block-list\">\n<li><strong>El Caudal y Trapiche:<\/strong> (Sectores residenciales de alta valorizaci\u00f3n y zonas de hoteles premium). Ideal para fotograf\u00eda de marca personal, retratos corporativos y eventos de alto perfil.<\/li>\n\n\n\n<li><strong>Vanguardia:<\/strong> (Zona del aeropuerto y corredores tur\u00edsticos adyacentes). Un sector exclusivo donde se realizan importantes eventos sociales e institucionales.<\/li>\n\n\n\n<li><strong>Zonas Centro y Barzal:<\/strong> Atendiendo contratos comerciales, corporativos y gubernamentales en los principales puntos empresariales de la ciudad.<\/li>\n<\/ul>\n\n\n\n<h3 class=\"wp-block-heading\">Fot\u00f3grafos en Restrepo<\/h3>\n\n\n\n<p class=\"wp-block-paragraph\">El escenario campestre por excelencia para quienes buscan la naturaleza llanera con un clima ligeramente m\u00e1s fresco. Atendemos contratos de fotograf\u00eda en:<\/p>\n\n\n\n<ul class=\"wp-block-list\">\n<li><strong>Haciendas de eventos y fincas tur\u00edsticas:<\/strong> Espacios ideales para capturas de bodas de gran formato que aprovechan los imponentes paisajes verdes del pie de monte llanero.<\/li>\n\n\n\n<li><strong>Condominios y hoteles campestres:<\/strong> Soluciones de foto estudio al aire libre con total comodidad y privacidad.<\/li>\n<\/ul>\n\n\n\n<h3 class=\"wp-block-heading\">Fot\u00f3grafos en Acac\u00edas<\/h3>\n\n\n\n<p class=\"wp-block-paragraph\">Un entorno din\u00e1mico con un gran crecimiento empresarial y tur\u00edstico. Brindamos servicios fotogr\u00e1ficos profesionales en:<\/p>\n\n\n\n<ul class=\"wp-block-list\">\n<li><strong>Sectores hoteleros y clubes del corredor vial:<\/strong> El lugar predilecto para coberturas de eventos sociales y corporativos que buscan capturar la identidad y el car\u00e1cter de la regi\u00f3n.<\/li>\n<\/ul>\n\n\n\n<h3 class=\"wp-block-heading\">Fot\u00f3grafos en Cumaral<\/h3>\n\n\n\n<p class=\"wp-block-paragraph\">Reconocido por su tradici\u00f3n, gastronom\u00eda y grandes extensiones de terreno ideales para fotograf\u00eda en exteriores:<\/p>\n\n\n\n<ul class=\"wp-block-list\">\n<li><strong>Fincas de descanso y espacios tradicionales:<\/strong> Perfecto para retratos que requieren una est\u00e9tica natural poderosa, amplios horizontes y el uso t\u00e9cnico de la luz dorada del atardecer.<\/li>\n<\/ul>\n\n\n\n<h2 class=\"wp-block-heading\">Gesti\u00f3n Digital y Entrega de Proyectos<\/h2>\n\n\n\n<p class=\"wp-block-paragraph\">Sabemos que la seguridad y la inmediatez en la entrega son tan cr\u00edticas como el d\u00eda de la toma de fotos. Por eso, todos nuestros proyectos se gestionan a trav\u00e9s de nuestro <strong>Portal de Visualizaci\u00f3n Privada<\/strong>.<\/p>\n\n\n\n<p class=\"wp-block-paragraph\">Este sistema exclusivo de Orianthi garantiza que tus archivos en alta resoluci\u00f3n est\u00e9n disponibles para descarga inmediata bajo estrictos par\u00e1metros de seguridad. Olv\u00eddate de enlaces p\u00fablicos lentos que comprimen la imagen o p\u00e9rdidas de calidad; te ofrecemos una experiencia de entrega fluida, segura y con la privacidad que un cliente de alto nivel en la regi\u00f3n exige.<\/p>\n\n\n\n<h2 class=\"wp-block-heading\">\u00bfTienes un evento en mente en Villavicencio?<\/h2>\n\n\n\n<p class=\"wp-block-paragraph\">Planear la log\u00edstica de un evento en el Meta genera muchas dudas sobre cu\u00e1les son las mejores horas del d\u00eda para evitar el sol directo, presupuestos o traslados hacia las afueras de la ciudad. No dejes el registro de tu fecha importante al azar o en manos de la improvisaci\u00f3n.<\/p>\n\n\n\n<p class=\"wp-block-paragraph\">\u00a1Hablemos directamente! Estoy aqu\u00ed para escucharte, resolver cada una de tus inquietudes t\u00e9cnicas y ayudarte a aterrizar la soluci\u00f3n fotogr\u00e1fica exacta que necesitas. Preguntar no tiene ning\u00fan costo y asesorarte es mi compromiso con la excelencia.<\/p>\n\n\n\n<blockquote class=\"wp-block-quote is-layout-flow wp-block-quote-is-layout-flow\">\n<p class=\"wp-block-paragraph\">\ud83d\udcf2 <strong>\u00bfListo para cotizar tu fecha?<\/strong> Da el paso hoy mismo. <strong>[<a href=\"https:\/\/www.orianthi.com.co\/whatsapp\">Haz clic aqu\u00ed para escribirme por WhatsApp<\/a>]<\/strong> o env\u00edame un mensaje directo. Cu\u00e9ntame los detalles de tu proyecto y dise\u00f1emos juntos la cobertura profesional que tu evento necesita.<\/p>\n<\/blockquote>\n\n\n\n<hr class=\"wp-block-separator has-alpha-channel-opacity\"\/>\n","protected":false},"excerpt":{"rendered":"<p>El calor intenso, los niveles de humedad que saturan los equipos t\u00e9cnicos y la luz del sol que cambia de forma dr\u00e1stica en cuesti\u00f3n de minutos son retos reales que arruinan el registro de un momento importante en el Llano si se conf\u00eda en personal improvisado. Un evento corporativo que se queda a oscuras por [&hellip;]<\/p>\n","protected":false},"author":1,"featured_media":22,"comment_status":"closed","ping_status":"open","sticky":false,"template":"","format":"standard","meta":{"footnotes":""},"categories":[1],"tags":[],"class_list":["post-21","post","type-post","status-publish","format-standard","has-post-thumbnail","hentry","category-ciudades","has-thumbnail"],"yoast_head":"<!-- This site is optimized with the Yoast SEO plugin v28.2 - https:\/\/yoast.com\/product\/yoast-seo-wordpress\/ -->\n<title>Fot\u00f3grafos en Villavicencio | Fotograf\u00eda de Bodas y Eventos<\/title>\n<meta name=\"description\" content=\"\u00bfBuscas fot\u00f3grafos en Villavicencio? Asegura tu boda o evento. fotograf\u00eda en El Caudal, Restrepo, Acac\u00edas, Granada, El Castillo, y puerto Gait\u00e1n, Meta.\" \/>\n<meta name=\"robots\" content=\"index, follow, max-snippet:-1, max-image-preview:large, max-video-preview:-1\" \/>\n<link rel=\"canonical\" href=\"https:\/\/orianthime.com\/co\/fotografos-en-villavicencio\/\" \/>\n<meta property=\"og:locale\" content=\"es_ES\" \/>\n<meta property=\"og:type\" content=\"article\" \/>\n<meta property=\"og:title\" content=\"Fot\u00f3grafos en Villavicencio | Fotograf\u00eda de Bodas y Eventos\" \/>\n<meta property=\"og:description\" content=\"\u00bfBuscas fot\u00f3grafos en Villavicencio? Asegura tu boda o evento. fotograf\u00eda en El Caudal, Restrepo, Acac\u00edas, Granada, El Castillo, y puerto Gait\u00e1n, Meta.\" \/>\n<meta property=\"og:url\" content=\"https:\/\/orianthime.com\/co\/fotografos-en-villavicencio\/\" \/>\n<meta property=\"og:site_name\" content=\"Fot\u00f3grafos Medell\u00edn, Manizales, Armenia, Pereira y Villavicencio\" \/>\n<meta property=\"article:published_time\" content=\"2026-07-10T22:16:48+00:00\" \/>\n<meta property=\"article:modified_time\" content=\"2026-07-10T22:49:32+00:00\" \/>\n<meta property=\"og:image\" content=\"https:\/\/orianthime.com\/co\/wp-content\/uploads\/2026\/07\/59.jpg\" \/>\n\t<meta property=\"og:image:width\" content=\"1067\" \/>\n\t<meta property=\"og:image:height\" content=\"1600\" \/>\n\t<meta property=\"og:image:type\" content=\"image\/jpeg\" \/>\n<meta name=\"author\" content=\"hola\" \/>\n<meta name=\"twitter:card\" content=\"summary_large_image\" \/>\n<meta name=\"twitter:label1\" content=\"Escrito por\" \/>\n\t<meta name=\"twitter:data1\" content=\"hola\" \/>\n\t<meta name=\"twitter:label2\" content=\"Tiempo de lectura\" \/>\n\t<meta name=\"twitter:data2\" content=\"4 minutos\" \/>\n<script type=\"application\/ld+json\" class=\"yoast-schema-graph\">{\"@context\":\"https:\\\/\\\/schema.org\",\"@graph\":[{\"@type\":\"Article\",\"@id\":\"https:\\\/\\\/orianthime.com\\\/co\\\/fotografos-en-villavicencio\\\/#article\",\"isPartOf\":{\"@id\":\"https:\\\/\\\/orianthime.com\\\/co\\\/fotografos-en-villavicencio\\\/\"},\"author\":{\"name\":\"hola\",\"@id\":\"https:\\\/\\\/orianthime.com\\\/co\\\/#\\\/schema\\\/person\\\/e6707c2366fa638871e6d3419f0a95e1\"},\"headline\":\"Fot\u00f3grafos en Villavicencio y el Meta: Fotograf\u00eda de Bodas y Eventos\",\"datePublished\":\"2026-07-10T22:16:48+00:00\",\"dateModified\":\"2026-07-10T22:49:32+00:00\",\"mainEntityOfPage\":{\"@id\":\"https:\\\/\\\/orianthime.com\\\/co\\\/fotografos-en-villavicencio\\\/\"},\"wordCount\":740,\"image\":{\"@id\":\"https:\\\/\\\/orianthime.com\\\/co\\\/fotografos-en-villavicencio\\\/#primaryimage\"},\"thumbnailUrl\":\"https:\\\/\\\/orianthime.com\\\/co\\\/wp-content\\\/uploads\\\/2026\\\/07\\\/59.jpg\",\"articleSection\":[\"ciudades\"],\"inLanguage\":\"es\"},{\"@type\":\"WebPage\",\"@id\":\"https:\\\/\\\/orianthime.com\\\/co\\\/fotografos-en-villavicencio\\\/\",\"url\":\"https:\\\/\\\/orianthime.com\\\/co\\\/fotografos-en-villavicencio\\\/\",\"name\":\"Fot\u00f3grafos en Villavicencio | Fotograf\u00eda de Bodas y Eventos\",\"isPartOf\":{\"@id\":\"https:\\\/\\\/orianthime.com\\\/co\\\/#website\"},\"primaryImageOfPage\":{\"@id\":\"https:\\\/\\\/orianthime.com\\\/co\\\/fotografos-en-villavicencio\\\/#primaryimage\"},\"image\":{\"@id\":\"https:\\\/\\\/orianthime.com\\\/co\\\/fotografos-en-villavicencio\\\/#primaryimage\"},\"thumbnailUrl\":\"https:\\\/\\\/orianthime.com\\\/co\\\/wp-content\\\/uploads\\\/2026\\\/07\\\/59.jpg\",\"datePublished\":\"2026-07-10T22:16:48+00:00\",\"dateModified\":\"2026-07-10T22:49:32+00:00\",\"author\":{\"@id\":\"https:\\\/\\\/orianthime.com\\\/co\\\/#\\\/schema\\\/person\\\/e6707c2366fa638871e6d3419f0a95e1\"},\"description\":\"\u00bfBuscas fot\u00f3grafos en Villavicencio? Asegura tu boda o evento. fotograf\u00eda en El Caudal, Restrepo, Acac\u00edas, Granada, El Castillo, y puerto Gait\u00e1n, Meta.\",\"breadcrumb\":{\"@id\":\"https:\\\/\\\/orianthime.com\\\/co\\\/fotografos-en-villavicencio\\\/#breadcrumb\"},\"inLanguage\":\"es\",\"potentialAction\":[{\"@type\":\"ReadAction\",\"target\":[\"https:\\\/\\\/orianthime.com\\\/co\\\/fotografos-en-villavicencio\\\/\"]}]},{\"@type\":\"ImageObject\",\"inLanguage\":\"es\",\"@id\":\"https:\\\/\\\/orianthime.com\\\/co\\\/fotografos-en-villavicencio\\\/#primaryimage\",\"url\":\"https:\\\/\\\/orianthime.com\\\/co\\\/wp-content\\\/uploads\\\/2026\\\/07\\\/59.jpg\",\"contentUrl\":\"https:\\\/\\\/orianthime.com\\\/co\\\/wp-content\\\/uploads\\\/2026\\\/07\\\/59.jpg\",\"width\":1067,\"height\":1600},{\"@type\":\"BreadcrumbList\",\"@id\":\"https:\\\/\\\/orianthime.com\\\/co\\\/fotografos-en-villavicencio\\\/#breadcrumb\",\"itemListElement\":[{\"@type\":\"ListItem\",\"position\":1,\"name\":\"Home\",\"item\":\"https:\\\/\\\/orianthime.com\\\/co\\\/\"},{\"@type\":\"ListItem\",\"position\":2,\"name\":\"Fot\u00f3grafos en Villavicencio y el Meta: Fotograf\u00eda de Bodas y Eventos\"}]},{\"@type\":\"WebSite\",\"@id\":\"https:\\\/\\\/orianthime.com\\\/co\\\/#website\",\"url\":\"https:\\\/\\\/orianthime.com\\\/co\\\/\",\"name\":\"Orianthi\",\"description\":\"Fotograf\u00eda de 15 a\u00f1os, bodas y eventos en Medell\u00edn, Villavicencio, Armenia Y Pereira.\",\"potentialAction\":[{\"@type\":\"SearchAction\",\"target\":{\"@type\":\"EntryPoint\",\"urlTemplate\":\"https:\\\/\\\/orianthime.com\\\/co\\\/?s={search_term_string}\"},\"query-input\":{\"@type\":\"PropertyValueSpecification\",\"valueRequired\":true,\"valueName\":\"search_term_string\"}}],\"inLanguage\":\"es\"},{\"@type\":\"Person\",\"@id\":\"https:\\\/\\\/orianthime.com\\\/co\\\/#\\\/schema\\\/person\\\/e6707c2366fa638871e6d3419f0a95e1\",\"name\":\"hola\",\"image\":{\"@type\":\"ImageObject\",\"inLanguage\":\"es\",\"@id\":\"https:\\\/\\\/secure.gravatar.com\\\/avatar\\\/1cab7a572a4e0d317f78cc4fffbc615c1e592b30efc0723a05139f8c8e113912?s=96&d=mm&r=g\",\"url\":\"https:\\\/\\\/secure.gravatar.com\\\/avatar\\\/1cab7a572a4e0d317f78cc4fffbc615c1e592b30efc0723a05139f8c8e113912?s=96&d=mm&r=g\",\"contentUrl\":\"https:\\\/\\\/secure.gravatar.com\\\/avatar\\\/1cab7a572a4e0d317f78cc4fffbc615c1e592b30efc0723a05139f8c8e113912?s=96&d=mm&r=g\",\"caption\":\"hola\"},\"sameAs\":[\"https:\\\/\\\/orianthime.com\\\/co\"],\"url\":\"https:\\\/\\\/orianthime.com\\\/co\\\/author\\\/hola\\\/\"}]}<\/script>\n<!-- \/ Yoast SEO plugin. -->","yoast_head_json":{"title":"Fot\u00f3grafos en Villavicencio | Fotograf\u00eda de Bodas y Eventos","description":"\u00bfBuscas fot\u00f3grafos en Villavicencio? Asegura tu boda o evento. fotograf\u00eda en El Caudal, Restrepo, Acac\u00edas, Granada, El Castillo, y puerto Gait\u00e1n, Meta.","robots":{"index":"index","follow":"follow","max-snippet":"max-snippet:-1","max-image-preview":"max-image-preview:large","max-video-preview":"max-video-preview:-1"},"canonical":"https:\/\/orianthime.com\/co\/fotografos-en-villavicencio\/","og_locale":"es_ES","og_type":"article","og_title":"Fot\u00f3grafos en Villavicencio | Fotograf\u00eda de Bodas y Eventos","og_description":"\u00bfBuscas fot\u00f3grafos en Villavicencio? Asegura tu boda o evento. fotograf\u00eda en El Caudal, Restrepo, Acac\u00edas, Granada, El Castillo, y puerto Gait\u00e1n, Meta.","og_url":"https:\/\/orianthime.com\/co\/fotografos-en-villavicencio\/","og_site_name":"Fot\u00f3grafos Medell\u00edn, Manizales, Armenia, Pereira y Villavicencio","article_published_time":"2026-07-10T22:16:48+00:00","article_modified_time":"2026-07-10T22:49:32+00:00","og_image":[{"width":1067,"height":1600,"url":"https:\/\/orianthime.com\/co\/wp-content\/uploads\/2026\/07\/59.jpg","type":"image\/jpeg"}],"author":"hola","twitter_card":"summary_large_image","twitter_misc":{"Escrito por":"hola","Tiempo de lectura":"4 minutos"},"schema":{"@context":"https:\/\/schema.org","@graph":[{"@type":"Article","@id":"https:\/\/orianthime.com\/co\/fotografos-en-villavicencio\/#article","isPartOf":{"@id":"https:\/\/orianthime.com\/co\/fotografos-en-villavicencio\/"},"author":{"name":"hola","@id":"https:\/\/orianthime.com\/co\/#\/schema\/person\/e6707c2366fa638871e6d3419f0a95e1"},"headline":"Fot\u00f3grafos en Villavicencio y el Meta: Fotograf\u00eda de Bodas y Eventos","datePublished":"2026-07-10T22:16:48+00:00","dateModified":"2026-07-10T22:49:32+00:00","mainEntityOfPage":{"@id":"https:\/\/orianthime.com\/co\/fotografos-en-villavicencio\/"},"wordCount":740,"image":{"@id":"https:\/\/orianthime.com\/co\/fotografos-en-villavicencio\/#primaryimage"},"thumbnailUrl":"https:\/\/orianthime.com\/co\/wp-content\/uploads\/2026\/07\/59.jpg","articleSection":["ciudades"],"inLanguage":"es"},{"@type":"WebPage","@id":"https:\/\/orianthime.com\/co\/fotografos-en-villavicencio\/","url":"https:\/\/orianthime.com\/co\/fotografos-en-villavicencio\/","name":"Fot\u00f3grafos en Villavicencio | Fotograf\u00eda de Bodas y Eventos","isPartOf":{"@id":"https:\/\/orianthime.com\/co\/#website"},"primaryImageOfPage":{"@id":"https:\/\/orianthime.com\/co\/fotografos-en-villavicencio\/#primaryimage"},"image":{"@id":"https:\/\/orianthime.com\/co\/fotografos-en-villavicencio\/#primaryimage"},"thumbnailUrl":"https:\/\/orianthime.com\/co\/wp-content\/uploads\/2026\/07\/59.jpg","datePublished":"2026-07-10T22:16:48+00:00","dateModified":"2026-07-10T22:49:32+00:00","author":{"@id":"https:\/\/orianthime.com\/co\/#\/schema\/person\/e6707c2366fa638871e6d3419f0a95e1"},"description":"\u00bfBuscas fot\u00f3grafos en Villavicencio? Asegura tu boda o evento. fotograf\u00eda en El Caudal, Restrepo, Acac\u00edas, Granada, El Castillo, y puerto Gait\u00e1n, Meta.","breadcrumb":{"@id":"https:\/\/orianthime.com\/co\/fotografos-en-villavicencio\/#breadcrumb"},"inLanguage":"es","potentialAction":[{"@type":"ReadAction","target":["https:\/\/orianthime.com\/co\/fotografos-en-villavicencio\/"]}]},{"@type":"ImageObject","inLanguage":"es","@id":"https:\/\/orianthime.com\/co\/fotografos-en-villavicencio\/#primaryimage","url":"https:\/\/orianthime.com\/co\/wp-content\/uploads\/2026\/07\/59.jpg","contentUrl":"https:\/\/orianthime.com\/co\/wp-content\/uploads\/2026\/07\/59.jpg","width":1067,"height":1600},{"@type":"BreadcrumbList","@id":"https:\/\/orianthime.com\/co\/fotografos-en-villavicencio\/#breadcrumb","itemListElement":[{"@type":"ListItem","position":1,"name":"Home","item":"https:\/\/orianthime.com\/co\/"},{"@type":"ListItem","position":2,"name":"Fot\u00f3grafos en Villavicencio y el Meta: Fotograf\u00eda de Bodas y Eventos"}]},{"@type":"WebSite","@id":"https:\/\/orianthime.com\/co\/#website","url":"https:\/\/orianthime.com\/co\/","name":"Orianthi","description":"Fotograf\u00eda de 15 a\u00f1os, bodas y eventos en Medell\u00edn, Villavicencio, Armenia Y Pereira.","potentialAction":[{"@type":"SearchAction","target":{"@type":"EntryPoint","urlTemplate":"https:\/\/orianthime.com\/co\/?s={search_term_string}"},"query-input":{"@type":"PropertyValueSpecification","valueRequired":true,"valueName":"search_term_string"}}],"inLanguage":"es"},{"@type":"Person","@id":"https:\/\/orianthime.com\/co\/#\/schema\/person\/e6707c2366fa638871e6d3419f0a95e1","name":"hola","image":{"@type":"ImageObject","inLanguage":"es","@id":"https:\/\/secure.gravatar.com\/avatar\/1cab7a572a4e0d317f78cc4fffbc615c1e592b30efc0723a05139f8c8e113912?s=96&d=mm&r=g","url":"https:\/\/secure.gravatar.com\/avatar\/1cab7a572a4e0d317f78cc4fffbc615c1e592b30efc0723a05139f8c8e113912?s=96&d=mm&r=g","contentUrl":"https:\/\/secure.gravatar.com\/avatar\/1cab7a572a4e0d317f78cc4fffbc615c1e592b30efc0723a05139f8c8e113912?s=96&d=mm&r=g","caption":"hola"},"sameAs":["https:\/\/orianthime.com\/co"],"url":"https:\/\/orianthime.com\/co\/author\/hola\/"}]}},"_links":{"self":[{"href":"https:\/\/orianthime.com\/co\/wp-json\/wp\/v2\/posts\/21","targetHints":{"allow":["GET"]}}],"collection":[{"href":"https:\/\/orianthime.com\/co\/wp-json\/wp\/v2\/posts"}],"about":[{"href":"https:\/\/orianthime.com\/co\/wp-json\/wp\/v2\/types\/post"}],"author":[{"embeddable":true,"href":"https:\/\/orianthime.com\/co\/wp-json\/wp\/v2\/users\/1"}],"replies":[{"embeddable":true,"href":"https:\/\/orianthime.com\/co\/wp-json\/wp\/v2\/comments?post=21"}],"version-history":[{"count":1,"href":"https:\/\/orianthime.com\/co\/wp-json\/wp\/v2\/posts\/21\/revisions"}],"predecessor-version":[{"id":23,"href":"https:\/\/orianthime.com\/co\/wp-json\/wp\/v2\/posts\/21\/revisions\/23"}],"wp:featuredmedia":[{"embeddable":true,"href":"https:\/\/orianthime.com\/co\/wp-json\/wp\/v2\/media\/22"}],"wp:attachment":[{"href":"https:\/\/orianthime.com\/co\/wp-json\/wp\/v2\/media?parent=21"}],"wp:term":[{"taxonomy":"category","embeddable":true,"href":"https:\/\/orianthime.com\/co\/wp-json\/wp\/v2\/categories?post=21"},{"taxonomy":"post_tag","embeddable":true,"href":"https:\/\/orianthime.com\/co\/wp-json\/wp\/v2\/tags?post=21"}],"curies":[{"name":"wp","href":"https:\/\/api.w.org\/{rel}","templated":true}]}}