{"id":15,"date":"2026-07-09T04:31:26","date_gmt":"2026-07-09T04:31:26","guid":{"rendered":"https:\/\/orianthime.com\/co\/?p=15"},"modified":"2026-07-09T04:33:43","modified_gmt":"2026-07-09T04:33:43","slug":"fotografos-bogota","status":"publish","type":"post","link":"https:\/\/orianthime.com\/co\/fotografos-bogota\/","title":{"rendered":"Fot\u00f3grafos en Bogot\u00e1 y la Sabana: Fotograf\u00eda de bodas y Eventos"},"content":{"rendered":"\n<p class=\"wp-block-paragraph\">El clima cambiante, los trancones impredecibles y la luz variable de la sabana son retos reales que arruinan el registro de un momento importante en la capital si se conf\u00eda en personal improvisado. Un evento corporativo que se queda a oscuras por falta de equipo t\u00e9cnico, o un fot\u00f3grafo que llega tarde por problemas de log\u00edstica en la ciudad, representan una p\u00e9rdida de dinero y un dolor de cabeza innecesario.<\/p>\n\n\n\n<p class=\"wp-block-paragraph\">En<a href=\"https:\/\/orianthime.com\/co\/\" target=\"_blank\" rel=\"noreferrer noopener\"> <strong>Orianthi<\/strong><\/a> somos la soluci\u00f3n directa a esas frustraciones. Nos enfocamos en ofrecer una cobertura fotogr\u00e1fica impecable, puntual y adaptada por completo a los matices lum\u00ednicos y log\u00edsticos de Bogot\u00e1. No dependemos de la suerte; blindamos visualmente tu inversi\u00f3n para entregar un resultado con est\u00e1ndar internacional.<\/p>\n\n\n\n<h2 class=\"wp-block-heading\">Contrataci\u00f3n de Fot\u00f3grafo: Cobertura Local y Geolocalizada<\/h2>\n\n\n\n<p class=\"wp-block-paragraph\">Nuestra log\u00edstica profesional est\u00e1 dise\u00f1ada para movernos con eficiencia por los puntos m\u00e1s estrat\u00e9gicos y exclusivos de la regi\u00f3n capitalina. Si necesitas contratar un fot\u00f3grafo con experiencia real en el terreno, cubrimos los sectores clave de Bogot\u00e1 y sus municipios aleda\u00f1os:<\/p>\n\n\n\n<h3 class=\"wp-block-heading\">Fot\u00f3grafos en Bogot\u00e1 (Zonas Clave)<\/h3>\n\n\n\n<p class=\"wp-block-paragraph\">Operamos directamente en los centros financieros, empresariales e hist\u00f3ricos de la capital, garantizando puntualidad y equipos de respaldo para:<\/p>\n\n\n\n<ul class=\"wp-block-list\">\n<li><strong>Usaqu\u00e9n:<\/strong> (Sectores como Santa B\u00e1rbara, el Centro Hist\u00f3rico de Usaqu\u00e9n, La Carolina y Cedritos). Ideal para fotograf\u00eda de marca personal y eventos de alto perfil que buscan un aire colonial y moderno.<\/li>\n\n\n\n<li><strong>Chapinero y Chico:<\/strong> (Zonas de la 93, El Virrey, la Zona T y el centro financiero de la 72). Perfecto para coberturas corporativas y retratos ejecutivos de \u00e9lite.<\/li>\n\n\n\n<li><strong>Teusaquillo y Salitre:<\/strong> Atendiendo eventos empresariales en los principales hoteles y centros de convenciones de la zona central.<\/li>\n<\/ul>\n\n\n\n<h3 class=\"wp-block-heading\">Fot\u00f3grafos en Ch\u00eda<\/h3>\n\n\n\n<p class=\"wp-block-paragraph\">El escenario por excelencia para quienes buscan la calidez de la naturaleza sin alejarse de la capital. Atendemos contratos de fotograf\u00eda en:<\/p>\n\n\n\n<ul class=\"wp-block-list\">\n<li><strong>Haciendas de eventos y zonas campestres:<\/strong> Espacios ideales para capturas de bodas de gran formato con un fondo arquitect\u00f3nico y floral sofisticado.<\/li>\n\n\n\n<li><strong>Sectores residenciales y comerciales:<\/strong> Soluciones de foto estudio en exteriores con total comodidad.<\/li>\n<\/ul>\n\n\n\n<h3 class=\"wp-block-heading\">Fot\u00f3grafos en Cajic\u00e1<\/h3>\n\n\n\n<p class=\"wp-block-paragraph\">Un entorno reconocido por sus espacios abiertos y luz natural controlada. Brindamos servicios fotogr\u00e1ficos profesionales en:<\/p>\n\n\n\n<ul class=\"wp-block-list\">\n<li><strong>Zonas residenciales exclusivas y clubes de la sabana:<\/strong> El lugar predilecto para un foto estudio en exteriores o retratos que prefieren un entorno verde, tranquilo y elegante.<\/li>\n<\/ul>\n\n\n\n<h3 class=\"wp-block-heading\">Fot\u00f3grafos en La Calera<\/h3>\n\n\n\n<p class=\"wp-block-paragraph\">Con sus vistas panor\u00e1micas inigualables sobre la ciudad, ofrece una atm\u00f3sfera potente para fotograf\u00eda de bodas y eventos nocturnos en:<\/p>\n\n\n\n<ul class=\"wp-block-list\">\n<li><strong>Sectores de restaurantes de lujo y haciendas de la bajada a la calera:<\/strong> Ideal para coberturas que requieren una est\u00e9tica visualmente poderosa, manejo t\u00e9cnico de climas fr\u00edos y un car\u00e1cter exclusivo.<\/li>\n<\/ul>\n\n\n\n<h3 class=\"wp-block-heading\">Fot\u00f3grafos en Sop\u00f3 y Alrededores<\/h3>\n\n\n\n<p class=\"wp-block-paragraph\">Un destino que combina el encanto rural con una profundidad de paisajes espectacular. Nos desplazamos para cubrir requerimientos en:<\/p>\n\n\n\n<ul class=\"wp-block-list\">\n<li><strong>Zonas campestres y clubes de golf:<\/strong> Ideal para retratos editoriales al aire libre y eventos corporativos o sociales que aprovechan los colores de la sabana norte.<\/li>\n<\/ul>\n\n\n\n<h2 class=\"wp-block-heading\">Gesti\u00f3n Digital y Entrega de Proyectos<\/h2>\n\n\n\n<p class=\"wp-block-paragraph\">Sabemos que la seguridad y la inmediatez en la entrega son tan cr\u00edticas como el d\u00eda de la toma de fotos. Por eso, todos nuestros proyectos se gestionan a trav\u00e9s de nuestro <strong>Portal de Visualizaci\u00f3n Privada<\/strong>.<\/p>\n\n\n\n<p class=\"wp-block-paragraph\">Este sistema exclusivo de Orianthi garantiza que tus archivos en alta resoluci\u00f3n est\u00e9n disponibles para descarga inmediata bajo estrictos par\u00e1metros de seguridad. Olv\u00eddate de enlaces p\u00fablicos lentos o p\u00e9rdidas de calidad; te ofrecemos una experiencia de entrega fluida, segura y con la privacidad que un cliente de alto nivel en la capital exige.<\/p>\n\n\n\n<h2 class=\"wp-block-heading\">\u00bfTienes un evento en mente en Bogot\u00e1?<\/h2>\n\n\n\n<p class=\"wp-block-paragraph\">Planear la log\u00edstica de un evento en Bogot\u00e1 o la Sabana genera muchas dudas sobre los mejores horarios para la luz, presupuestos o traslados. No dejes el registro de tu fecha importante al azar o en manos de la improvisaci\u00f3n.<\/p>\n\n\n\n<p class=\"wp-block-paragraph\">\u00a1Hablemos directamente! Estoy aqu\u00ed para escucharte, resolver cada una de tus inquietudes t\u00e9cnicas y ayudarte a aterrizar la soluci\u00f3n fotogr\u00e1fica exacta que necesitas. Preguntar no tiene ning\u00fan costo y asesorarte es mi compromiso con la excelencia.<\/p>\n\n\n\n<blockquote class=\"wp-block-quote is-layout-flow wp-block-quote-is-layout-flow\">\n<p class=\"wp-block-paragraph\">\ud83d\udcf2 <strong>\u00bfListo para cotizar tu fecha?<\/strong> Da el paso hoy mismo. <strong>[<a href=\"https:\/\/orianthi.com.co\/whatsapp\" target=\"_blank\" rel=\"noreferrer noopener\">Haz clic aqu\u00ed para escribirme por WhatsApp<\/a>]<\/strong> o env\u00edame un mensaje directo. Cu\u00e9ntame los detalles de tu proyecto y dise\u00f1emos juntos la cobertura profesional que tu evento necesita.<\/p>\n<\/blockquote>\n\n\n\n<hr class=\"wp-block-separator has-alpha-channel-opacity\"\/>\n","protected":false},"excerpt":{"rendered":"<p>El clima cambiante, los trancones impredecibles y la luz variable de la sabana son retos reales que arruinan el registro de un momento importante en la capital si se conf\u00eda en personal improvisado. Un evento corporativo que se queda a oscuras por falta de equipo t\u00e9cnico, o un fot\u00f3grafo que llega tarde por problemas de [&hellip;]<\/p>\n","protected":false},"author":1,"featured_media":17,"comment_status":"open","ping_status":"open","sticky":false,"template":"","format":"standard","meta":{"footnotes":""},"categories":[1],"tags":[],"class_list":["post-15","post","type-post","status-publish","format-standard","has-post-thumbnail","hentry","category-ciudades","has-thumbnail"],"yoast_head":"<!-- This site is optimized with the Yoast SEO plugin v28.2 - https:\/\/yoast.com\/product\/yoast-seo-wordpress\/ -->\n<title>Fot\u00f3grafos en Bogot\u00e1 | Fotograf\u00eda de Bodas y Eventos<\/title>\n<meta name=\"description\" content=\"\u00bfBuscas fot\u00f3grafos en Bogot\u00e1? Asegura tu boda o evento corporativo. Cobertura profesional de fotograf\u00eda en Usaqu\u00e9n, Ch\u00eda, Cajic\u00e1 y La Calera. \u00a1Cotiza ya!\" \/>\n<meta name=\"robots\" content=\"index, follow, max-snippet:-1, max-image-preview:large, max-video-preview:-1\" \/>\n<link rel=\"canonical\" href=\"https:\/\/orianthime.com\/co\/fotografos-bogota\/\" \/>\n<meta property=\"og:locale\" content=\"es_ES\" \/>\n<meta property=\"og:type\" content=\"article\" \/>\n<meta property=\"og:title\" content=\"Fot\u00f3grafos en Bogot\u00e1 | Fotograf\u00eda de Bodas y Eventos\" \/>\n<meta property=\"og:description\" content=\"\u00bfBuscas fot\u00f3grafos en Bogot\u00e1? Asegura tu boda o evento corporativo. Cobertura profesional de fotograf\u00eda en Usaqu\u00e9n, Ch\u00eda, Cajic\u00e1 y La Calera. \u00a1Cotiza ya!\" \/>\n<meta property=\"og:url\" content=\"https:\/\/orianthime.com\/co\/fotografos-bogota\/\" \/>\n<meta property=\"og:site_name\" content=\"Fot\u00f3grafos Medell\u00edn, Manizales, Armenia, Pereira y Villavicencio\" \/>\n<meta property=\"article:published_time\" content=\"2026-07-09T04:31:26+00:00\" \/>\n<meta property=\"article:modified_time\" content=\"2026-07-09T04:33:43+00:00\" \/>\n<meta property=\"og:image\" content=\"https:\/\/orianthime.com\/co\/wp-content\/uploads\/2026\/07\/38.jpg\" \/>\n\t<meta property=\"og:image:width\" content=\"1366\" \/>\n\t<meta property=\"og:image:height\" content=\"2048\" \/>\n\t<meta property=\"og:image:type\" content=\"image\/jpeg\" \/>\n<meta name=\"author\" content=\"hola\" \/>\n<meta name=\"twitter:card\" content=\"summary_large_image\" \/>\n<meta name=\"twitter:label1\" content=\"Escrito por\" \/>\n\t<meta name=\"twitter:data1\" content=\"hola\" \/>\n\t<meta name=\"twitter:label2\" content=\"Tiempo de lectura\" \/>\n\t<meta name=\"twitter:data2\" content=\"4 minutos\" \/>\n<script type=\"application\/ld+json\" class=\"yoast-schema-graph\">{\"@context\":\"https:\\\/\\\/schema.org\",\"@graph\":[{\"@type\":\"Article\",\"@id\":\"https:\\\/\\\/orianthime.com\\\/co\\\/fotografos-bogota\\\/#article\",\"isPartOf\":{\"@id\":\"https:\\\/\\\/orianthime.com\\\/co\\\/fotografos-bogota\\\/\"},\"author\":{\"name\":\"hola\",\"@id\":\"https:\\\/\\\/orianthime.com\\\/co\\\/#\\\/schema\\\/person\\\/e6707c2366fa638871e6d3419f0a95e1\"},\"headline\":\"Fot\u00f3grafos en Bogot\u00e1 y la Sabana: Fotograf\u00eda de bodas y Eventos\",\"datePublished\":\"2026-07-09T04:31:26+00:00\",\"dateModified\":\"2026-07-09T04:33:43+00:00\",\"mainEntityOfPage\":{\"@id\":\"https:\\\/\\\/orianthime.com\\\/co\\\/fotografos-bogota\\\/\"},\"wordCount\":766,\"commentCount\":0,\"image\":{\"@id\":\"https:\\\/\\\/orianthime.com\\\/co\\\/fotografos-bogota\\\/#primaryimage\"},\"thumbnailUrl\":\"https:\\\/\\\/orianthime.com\\\/co\\\/wp-content\\\/uploads\\\/2026\\\/07\\\/38.jpg\",\"articleSection\":[\"ciudades\"],\"inLanguage\":\"es\",\"potentialAction\":[{\"@type\":\"CommentAction\",\"name\":\"Comment\",\"target\":[\"https:\\\/\\\/orianthime.com\\\/co\\\/fotografos-bogota\\\/#respond\"]}]},{\"@type\":\"WebPage\",\"@id\":\"https:\\\/\\\/orianthime.com\\\/co\\\/fotografos-bogota\\\/\",\"url\":\"https:\\\/\\\/orianthime.com\\\/co\\\/fotografos-bogota\\\/\",\"name\":\"Fot\u00f3grafos en Bogot\u00e1 | Fotograf\u00eda de Bodas y Eventos\",\"isPartOf\":{\"@id\":\"https:\\\/\\\/orianthime.com\\\/co\\\/#website\"},\"primaryImageOfPage\":{\"@id\":\"https:\\\/\\\/orianthime.com\\\/co\\\/fotografos-bogota\\\/#primaryimage\"},\"image\":{\"@id\":\"https:\\\/\\\/orianthime.com\\\/co\\\/fotografos-bogota\\\/#primaryimage\"},\"thumbnailUrl\":\"https:\\\/\\\/orianthime.com\\\/co\\\/wp-content\\\/uploads\\\/2026\\\/07\\\/38.jpg\",\"datePublished\":\"2026-07-09T04:31:26+00:00\",\"dateModified\":\"2026-07-09T04:33:43+00:00\",\"author\":{\"@id\":\"https:\\\/\\\/orianthime.com\\\/co\\\/#\\\/schema\\\/person\\\/e6707c2366fa638871e6d3419f0a95e1\"},\"description\":\"\u00bfBuscas fot\u00f3grafos en Bogot\u00e1? Asegura tu boda o evento corporativo. Cobertura profesional de fotograf\u00eda en Usaqu\u00e9n, Ch\u00eda, Cajic\u00e1 y La Calera. \u00a1Cotiza ya!\",\"breadcrumb\":{\"@id\":\"https:\\\/\\\/orianthime.com\\\/co\\\/fotografos-bogota\\\/#breadcrumb\"},\"inLanguage\":\"es\",\"potentialAction\":[{\"@type\":\"ReadAction\",\"target\":[\"https:\\\/\\\/orianthime.com\\\/co\\\/fotografos-bogota\\\/\"]}]},{\"@type\":\"ImageObject\",\"inLanguage\":\"es\",\"@id\":\"https:\\\/\\\/orianthime.com\\\/co\\\/fotografos-bogota\\\/#primaryimage\",\"url\":\"https:\\\/\\\/orianthime.com\\\/co\\\/wp-content\\\/uploads\\\/2026\\\/07\\\/38.jpg\",\"contentUrl\":\"https:\\\/\\\/orianthime.com\\\/co\\\/wp-content\\\/uploads\\\/2026\\\/07\\\/38.jpg\",\"width\":1366,\"height\":2048},{\"@type\":\"BreadcrumbList\",\"@id\":\"https:\\\/\\\/orianthime.com\\\/co\\\/fotografos-bogota\\\/#breadcrumb\",\"itemListElement\":[{\"@type\":\"ListItem\",\"position\":1,\"name\":\"Home\",\"item\":\"https:\\\/\\\/orianthime.com\\\/co\\\/\"},{\"@type\":\"ListItem\",\"position\":2,\"name\":\"Fot\u00f3grafos en Bogot\u00e1 y la Sabana: Fotograf\u00eda de bodas y Eventos\"}]},{\"@type\":\"WebSite\",\"@id\":\"https:\\\/\\\/orianthime.com\\\/co\\\/#website\",\"url\":\"https:\\\/\\\/orianthime.com\\\/co\\\/\",\"name\":\"Orianthi\",\"description\":\"Fotograf\u00eda de 15 a\u00f1os, bodas y eventos en Medell\u00edn, Villavicencio, Armenia Y Pereira.\",\"potentialAction\":[{\"@type\":\"SearchAction\",\"target\":{\"@type\":\"EntryPoint\",\"urlTemplate\":\"https:\\\/\\\/orianthime.com\\\/co\\\/?s={search_term_string}\"},\"query-input\":{\"@type\":\"PropertyValueSpecification\",\"valueRequired\":true,\"valueName\":\"search_term_string\"}}],\"inLanguage\":\"es\"},{\"@type\":\"Person\",\"@id\":\"https:\\\/\\\/orianthime.com\\\/co\\\/#\\\/schema\\\/person\\\/e6707c2366fa638871e6d3419f0a95e1\",\"name\":\"hola\",\"image\":{\"@type\":\"ImageObject\",\"inLanguage\":\"es\",\"@id\":\"https:\\\/\\\/secure.gravatar.com\\\/avatar\\\/1cab7a572a4e0d317f78cc4fffbc615c1e592b30efc0723a05139f8c8e113912?s=96&d=mm&r=g\",\"url\":\"https:\\\/\\\/secure.gravatar.com\\\/avatar\\\/1cab7a572a4e0d317f78cc4fffbc615c1e592b30efc0723a05139f8c8e113912?s=96&d=mm&r=g\",\"contentUrl\":\"https:\\\/\\\/secure.gravatar.com\\\/avatar\\\/1cab7a572a4e0d317f78cc4fffbc615c1e592b30efc0723a05139f8c8e113912?s=96&d=mm&r=g\",\"caption\":\"hola\"},\"sameAs\":[\"https:\\\/\\\/orianthime.com\\\/co\"],\"url\":\"https:\\\/\\\/orianthime.com\\\/co\\\/author\\\/hola\\\/\"}]}<\/script>\n<!-- \/ Yoast SEO plugin. -->","yoast_head_json":{"title":"Fot\u00f3grafos en Bogot\u00e1 | Fotograf\u00eda de Bodas y Eventos","description":"\u00bfBuscas fot\u00f3grafos en Bogot\u00e1? Asegura tu boda o evento corporativo. Cobertura profesional de fotograf\u00eda en Usaqu\u00e9n, Ch\u00eda, Cajic\u00e1 y La Calera. \u00a1Cotiza ya!","robots":{"index":"index","follow":"follow","max-snippet":"max-snippet:-1","max-image-preview":"max-image-preview:large","max-video-preview":"max-video-preview:-1"},"canonical":"https:\/\/orianthime.com\/co\/fotografos-bogota\/","og_locale":"es_ES","og_type":"article","og_title":"Fot\u00f3grafos en Bogot\u00e1 | Fotograf\u00eda de Bodas y Eventos","og_description":"\u00bfBuscas fot\u00f3grafos en Bogot\u00e1? Asegura tu boda o evento corporativo. Cobertura profesional de fotograf\u00eda en Usaqu\u00e9n, Ch\u00eda, Cajic\u00e1 y La Calera. \u00a1Cotiza ya!","og_url":"https:\/\/orianthime.com\/co\/fotografos-bogota\/","og_site_name":"Fot\u00f3grafos Medell\u00edn, Manizales, Armenia, Pereira y Villavicencio","article_published_time":"2026-07-09T04:31:26+00:00","article_modified_time":"2026-07-09T04:33:43+00:00","og_image":[{"width":1366,"height":2048,"url":"https:\/\/orianthime.com\/co\/wp-content\/uploads\/2026\/07\/38.jpg","type":"image\/jpeg"}],"author":"hola","twitter_card":"summary_large_image","twitter_misc":{"Escrito por":"hola","Tiempo de lectura":"4 minutos"},"schema":{"@context":"https:\/\/schema.org","@graph":[{"@type":"Article","@id":"https:\/\/orianthime.com\/co\/fotografos-bogota\/#article","isPartOf":{"@id":"https:\/\/orianthime.com\/co\/fotografos-bogota\/"},"author":{"name":"hola","@id":"https:\/\/orianthime.com\/co\/#\/schema\/person\/e6707c2366fa638871e6d3419f0a95e1"},"headline":"Fot\u00f3grafos en Bogot\u00e1 y la Sabana: Fotograf\u00eda de bodas y Eventos","datePublished":"2026-07-09T04:31:26+00:00","dateModified":"2026-07-09T04:33:43+00:00","mainEntityOfPage":{"@id":"https:\/\/orianthime.com\/co\/fotografos-bogota\/"},"wordCount":766,"commentCount":0,"image":{"@id":"https:\/\/orianthime.com\/co\/fotografos-bogota\/#primaryimage"},"thumbnailUrl":"https:\/\/orianthime.com\/co\/wp-content\/uploads\/2026\/07\/38.jpg","articleSection":["ciudades"],"inLanguage":"es","potentialAction":[{"@type":"CommentAction","name":"Comment","target":["https:\/\/orianthime.com\/co\/fotografos-bogota\/#respond"]}]},{"@type":"WebPage","@id":"https:\/\/orianthime.com\/co\/fotografos-bogota\/","url":"https:\/\/orianthime.com\/co\/fotografos-bogota\/","name":"Fot\u00f3grafos en Bogot\u00e1 | Fotograf\u00eda de Bodas y Eventos","isPartOf":{"@id":"https:\/\/orianthime.com\/co\/#website"},"primaryImageOfPage":{"@id":"https:\/\/orianthime.com\/co\/fotografos-bogota\/#primaryimage"},"image":{"@id":"https:\/\/orianthime.com\/co\/fotografos-bogota\/#primaryimage"},"thumbnailUrl":"https:\/\/orianthime.com\/co\/wp-content\/uploads\/2026\/07\/38.jpg","datePublished":"2026-07-09T04:31:26+00:00","dateModified":"2026-07-09T04:33:43+00:00","author":{"@id":"https:\/\/orianthime.com\/co\/#\/schema\/person\/e6707c2366fa638871e6d3419f0a95e1"},"description":"\u00bfBuscas fot\u00f3grafos en Bogot\u00e1? Asegura tu boda o evento corporativo. Cobertura profesional de fotograf\u00eda en Usaqu\u00e9n, Ch\u00eda, Cajic\u00e1 y La Calera. \u00a1Cotiza ya!","breadcrumb":{"@id":"https:\/\/orianthime.com\/co\/fotografos-bogota\/#breadcrumb"},"inLanguage":"es","potentialAction":[{"@type":"ReadAction","target":["https:\/\/orianthime.com\/co\/fotografos-bogota\/"]}]},{"@type":"ImageObject","inLanguage":"es","@id":"https:\/\/orianthime.com\/co\/fotografos-bogota\/#primaryimage","url":"https:\/\/orianthime.com\/co\/wp-content\/uploads\/2026\/07\/38.jpg","contentUrl":"https:\/\/orianthime.com\/co\/wp-content\/uploads\/2026\/07\/38.jpg","width":1366,"height":2048},{"@type":"BreadcrumbList","@id":"https:\/\/orianthime.com\/co\/fotografos-bogota\/#breadcrumb","itemListElement":[{"@type":"ListItem","position":1,"name":"Home","item":"https:\/\/orianthime.com\/co\/"},{"@type":"ListItem","position":2,"name":"Fot\u00f3grafos en Bogot\u00e1 y la Sabana: Fotograf\u00eda de bodas y Eventos"}]},{"@type":"WebSite","@id":"https:\/\/orianthime.com\/co\/#website","url":"https:\/\/orianthime.com\/co\/","name":"Orianthi","description":"Fotograf\u00eda de 15 a\u00f1os, bodas y eventos en Medell\u00edn, Villavicencio, Armenia Y Pereira.","potentialAction":[{"@type":"SearchAction","target":{"@type":"EntryPoint","urlTemplate":"https:\/\/orianthime.com\/co\/?s={search_term_string}"},"query-input":{"@type":"PropertyValueSpecification","valueRequired":true,"valueName":"search_term_string"}}],"inLanguage":"es"},{"@type":"Person","@id":"https:\/\/orianthime.com\/co\/#\/schema\/person\/e6707c2366fa638871e6d3419f0a95e1","name":"hola","image":{"@type":"ImageObject","inLanguage":"es","@id":"https:\/\/secure.gravatar.com\/avatar\/1cab7a572a4e0d317f78cc4fffbc615c1e592b30efc0723a05139f8c8e113912?s=96&d=mm&r=g","url":"https:\/\/secure.gravatar.com\/avatar\/1cab7a572a4e0d317f78cc4fffbc615c1e592b30efc0723a05139f8c8e113912?s=96&d=mm&r=g","contentUrl":"https:\/\/secure.gravatar.com\/avatar\/1cab7a572a4e0d317f78cc4fffbc615c1e592b30efc0723a05139f8c8e113912?s=96&d=mm&r=g","caption":"hola"},"sameAs":["https:\/\/orianthime.com\/co"],"url":"https:\/\/orianthime.com\/co\/author\/hola\/"}]}},"_links":{"self":[{"href":"https:\/\/orianthime.com\/co\/wp-json\/wp\/v2\/posts\/15","targetHints":{"allow":["GET"]}}],"collection":[{"href":"https:\/\/orianthime.com\/co\/wp-json\/wp\/v2\/posts"}],"about":[{"href":"https:\/\/orianthime.com\/co\/wp-json\/wp\/v2\/types\/post"}],"author":[{"embeddable":true,"href":"https:\/\/orianthime.com\/co\/wp-json\/wp\/v2\/users\/1"}],"replies":[{"embeddable":true,"href":"https:\/\/orianthime.com\/co\/wp-json\/wp\/v2\/comments?post=15"}],"version-history":[{"count":2,"href":"https:\/\/orianthime.com\/co\/wp-json\/wp\/v2\/posts\/15\/revisions"}],"predecessor-version":[{"id":19,"href":"https:\/\/orianthime.com\/co\/wp-json\/wp\/v2\/posts\/15\/revisions\/19"}],"wp:featuredmedia":[{"embeddable":true,"href":"https:\/\/orianthime.com\/co\/wp-json\/wp\/v2\/media\/17"}],"wp:attachment":[{"href":"https:\/\/orianthime.com\/co\/wp-json\/wp\/v2\/media?parent=15"}],"wp:term":[{"taxonomy":"category","embeddable":true,"href":"https:\/\/orianthime.com\/co\/wp-json\/wp\/v2\/categories?post=15"},{"taxonomy":"post_tag","embeddable":true,"href":"https:\/\/orianthime.com\/co\/wp-json\/wp\/v2\/tags?post=15"}],"curies":[{"name":"wp","href":"https:\/\/api.w.org\/{rel}","templated":true}]}}