{"id":1,"count":10,"description":"Your blog category","link":"https:\/\/orianthime.com\/co\/ciudades\/","name":"ciudades","slug":"ciudades","taxonomy":"category","parent":0,"meta":[],"yoast_head":"<!-- This site is optimized with the Yoast SEO plugin v28.2 - https:\/\/yoast.com\/product\/yoast-seo-wordpress\/ -->\n<title>Fot\u00f3grafos Medell\u00edn, Manizales, Armenia, Pereira y Villavicencio<\/title>\n<meta name=\"description\" content=\"Fot\u00f3grafos Medellin, Manizales, Armenia, Pereira, Bogot\u00e1, Cartagena, Santamarta, barranquilla, Bucaramanga, Cali, Ibague y Colombia\" \/>\n<meta name=\"robots\" content=\"noindex, follow\" \/>\n<meta property=\"og:locale\" content=\"es_ES\" \/>\n<meta property=\"og:type\" content=\"article\" \/>\n<meta property=\"og:title\" content=\"Fot\u00f3grafos Medell\u00edn, Manizales, Armenia, Pereira y Villavicencio\" \/>\n<meta property=\"og:description\" content=\"Fot\u00f3grafos Medellin, Manizales, Armenia, Pereira, Bogot\u00e1, Cartagena, Santamarta, barranquilla, Bucaramanga, Cali, Ibague y Colombia\" \/>\n<meta property=\"og:url\" content=\"https:\/\/orianthime.com\/co\/\" \/>\n<meta property=\"og:site_name\" content=\"Fot\u00f3grafos Medell\u00edn, Manizales, Armenia, Pereira y Villavicencio\" \/>\n<meta name=\"twitter:card\" content=\"summary_large_image\" \/>\n<script type=\"application\/ld+json\" class=\"yoast-schema-graph\">{\"@context\":\"https:\\\/\\\/schema.org\",\"@graph\":[{\"@type\":\"CollectionPage\",\"@id\":\"https:\\\/\\\/orianthime.com\\\/co\\\/ciudades\\\/\",\"url\":\"https:\\\/\\\/orianthime.com\\\/co\\\/\",\"name\":\"Fot\u00f3grafos Medell\u00edn, Manizales, Armenia, Pereira y Villavicencio\",\"isPartOf\":{\"@id\":\"https:\\\/\\\/orianthime.com\\\/co\\\/#website\"},\"description\":\"Fot\u00f3grafos Medellin, Manizales, Armenia, Pereira, Bogot\u00e1, Cartagena, Santamarta, barranquilla, Bucaramanga, Cali, Ibague y Colombia\",\"breadcrumb\":{\"@id\":\"https:\\\/\\\/orianthime.com\\\/co\\\/#breadcrumb\"},\"inLanguage\":\"es\"},{\"@type\":\"BreadcrumbList\",\"@id\":\"https:\\\/\\\/orianthime.com\\\/co\\\/#breadcrumb\",\"itemListElement\":[{\"@type\":\"ListItem\",\"position\":1,\"name\":\"Home\",\"item\":\"https:\\\/\\\/orianthime.com\\\/co\\\/\"},{\"@type\":\"ListItem\",\"position\":2,\"name\":\"ciudades\"}]},{\"@type\":\"WebSite\",\"@id\":\"https:\\\/\\\/orianthime.com\\\/co\\\/#website\",\"url\":\"https:\\\/\\\/orianthime.com\\\/co\\\/\",\"name\":\"Orianthi\",\"description\":\"Fotograf\u00eda de 15 a\u00f1os, bodas y eventos en Medell\u00edn, Villavicencio, Armenia Y Pereira.\",\"potentialAction\":[{\"@type\":\"SearchAction\",\"target\":{\"@type\":\"EntryPoint\",\"urlTemplate\":\"https:\\\/\\\/orianthime.com\\\/co\\\/?s={search_term_string}\"},\"query-input\":{\"@type\":\"PropertyValueSpecification\",\"valueRequired\":true,\"valueName\":\"search_term_string\"}}],\"inLanguage\":\"es\"}]}<\/script>\n<!-- \/ Yoast SEO plugin. -->","yoast_head_json":{"title":"Fot\u00f3grafos Medell\u00edn, Manizales, Armenia, Pereira y Villavicencio","description":"Fot\u00f3grafos Medellin, Manizales, Armenia, Pereira, Bogot\u00e1, Cartagena, Santamarta, barranquilla, Bucaramanga, Cali, Ibague y Colombia","robots":{"index":"noindex","follow":"follow"},"og_locale":"es_ES","og_type":"article","og_title":"Fot\u00f3grafos Medell\u00edn, Manizales, Armenia, Pereira y Villavicencio","og_description":"Fot\u00f3grafos Medellin, Manizales, Armenia, Pereira, Bogot\u00e1, Cartagena, Santamarta, barranquilla, Bucaramanga, Cali, Ibague y Colombia","og_url":"https:\/\/orianthime.com\/co\/","og_site_name":"Fot\u00f3grafos Medell\u00edn, Manizales, Armenia, Pereira y Villavicencio","twitter_card":"summary_large_image","schema":{"@context":"https:\/\/schema.org","@graph":[{"@type":"CollectionPage","@id":"https:\/\/orianthime.com\/co\/ciudades\/","url":"https:\/\/orianthime.com\/co\/","name":"Fot\u00f3grafos Medell\u00edn, Manizales, Armenia, Pereira y Villavicencio","isPartOf":{"@id":"https:\/\/orianthime.com\/co\/#website"},"description":"Fot\u00f3grafos Medellin, Manizales, Armenia, Pereira, Bogot\u00e1, Cartagena, Santamarta, barranquilla, Bucaramanga, Cali, Ibague y Colombia","breadcrumb":{"@id":"https:\/\/orianthime.com\/co\/#breadcrumb"},"inLanguage":"es"},{"@type":"BreadcrumbList","@id":"https:\/\/orianthime.com\/co\/#breadcrumb","itemListElement":[{"@type":"ListItem","position":1,"name":"Home","item":"https:\/\/orianthime.com\/co\/"},{"@type":"ListItem","position":2,"name":"ciudades"}]},{"@type":"WebSite","@id":"https:\/\/orianthime.com\/co\/#website","url":"https:\/\/orianthime.com\/co\/","name":"Orianthi","description":"Fotograf\u00eda de 15 a\u00f1os, bodas y eventos en Medell\u00edn, Villavicencio, Armenia Y Pereira.","potentialAction":[{"@type":"SearchAction","target":{"@type":"EntryPoint","urlTemplate":"https:\/\/orianthime.com\/co\/?s={search_term_string}"},"query-input":{"@type":"PropertyValueSpecification","valueRequired":true,"valueName":"search_term_string"}}],"inLanguage":"es"}]}},"_links":{"self":[{"href":"https:\/\/orianthime.com\/co\/wp-json\/wp\/v2\/categories\/1","targetHints":{"allow":["GET"]}}],"collection":[{"href":"https:\/\/orianthime.com\/co\/wp-json\/wp\/v2\/categories"}],"about":[{"href":"https:\/\/orianthime.com\/co\/wp-json\/wp\/v2\/taxonomies\/category"}],"wp:post_type":[{"href":"https:\/\/orianthime.com\/co\/wp-json\/wp\/v2\/posts?categories=1"}],"curies":[{"name":"wp","href":"https:\/\/api.w.org\/{rel}","templated":true}]}}